{"id":21094,"date":"2024-02-16T12:58:39","date_gmt":"2024-02-16T17:58:39","guid":{"rendered":"https:\/\/xn--huracnpolmicocancnquintanaroo-knc6wmu.com\/?p=21094"},"modified":"2024-02-16T17:58:41","modified_gmt":"2024-02-16T17:58:41","slug":"detienen-a-uno-de-los-presuntos-asaltantes-de-matias-gruener-hijo-de-susana-zabaleta","status":"publish","type":"post","link":"https:\/\/xn--huracnpolmicocancnquintanaroo-knc6wmu.com\/?p=21094","title":{"rendered":"Detienen a uno de los presuntos asaltantes de Mat\u00edas Gruener, hijo de Susana Zabaleta"},"content":{"rendered":"<p>El pasado 7 de febrero Mat\u00edas Gruener, hijo de Susana Zabaeta, describi\u00f3 que fue v\u00edctima de un asalto, donde a \u00e9l y a un grupo de amigos que lo acompa\u00f1aban les quitaron sus pertenencias. Y a poco m\u00e1s de una semana de estos hechos, ya detuvieron a uno de los probables implicados.<\/p>\n<p>La Secretar\u00eda de Seguridad Ciudadana (SSC) de la Ciudad de M\u00e9xico inform\u00f3 a trav\u00e9s de un comunicado que se detuvo a un hombre identificado como Mart\u00edn Alejandro \u2018N\u2019, de 24 a\u00f1os, quien est\u00e1 probablemente relacionado con el delito que sufrieron Mat\u00edas y sus amigos en la alcald\u00eda Benito Ju\u00e1rez.<\/p>\n<p>El comunicado de la dependencia capitalina apunta que, previo a la detenci\u00f3n del delincuente, este hab\u00eda asaltado a dos personas que iban circulando en sus veh\u00edculos en la colonia Del Valle con una r\u00e9plica de arma de fuego.<\/p>\n<p>Unas de las v\u00edctimas describi\u00f3 que mientras transitaba en su camioneta de color blanco, \u201cun sujeto que llevaba puesto un casco de motociclista se le acerc\u00f3, lo amenaz\u00f3 con una pistola y lo despoj\u00f3 de su tel\u00e9fono celular y dinero en efectivo, para despu\u00e9s darse a la fuga en una motocicleta de color negro\u201d, se lee en el texto.<\/p>\n<p>Lo anterior ocurri\u00f3 en el Eje 6 Sur y la avenida Coyoac\u00e1n, en la colonia Del Valle Centro, ubicada en la alcald\u00eda Benito Ju\u00e1rez. Cuando se empez\u00f3 a buscar en las c\u00e1maras del C2, detectaron que ya se encontraba en el cruce de las avenidas Obrero Mundial y Monterrey, en la colonia Piedad Narvarte, en la misma demarcaci\u00f3n, cometiendo otro delito.<\/p>\n<p>Al tenerlo ubicado, empezaron a darle seguimiento a su trayectoria a la vez que polic\u00edas se trasladaban hacia la alcald\u00eda Iztapalapa, rumbo que estaba tomando Mart\u00edn Alejandro \u2018N\u2019.<\/p>\n<p>El asaltante ya circulaba en la calzada de La Viga y la avenida Canal de Apatlaco, en la colonia Apatlaco, per\u00edmetro de la alcald\u00eda Iztapalapa, cuando lo interceptaron algunos polic\u00edas, y mientras le hac\u00edan una revisi\u00f3n preventiva, encontraron:<\/p>\n<p>Una r\u00e9plica de arma de fuego corta con cuatro cartuchos \u00fatiles.<br \/>\nUn cargador.<br \/>\nUna cartera de color caf\u00e9 con dinero en efectivo y credenciales de identificaci\u00f3n.<br \/>\nPor lo anterior, fue remitido ante el agente del Ministerio P\u00fablico correspondiente, quien determinar\u00e1 su implicaci\u00f3n no solo en los asaltos a automovilistas, tambi\u00e9n en contra de Mat\u00edas Gruener, hijo de Susana Zabaleta, pues podr\u00eda estar relacionado<\/p>\n<p>A trav\u00e9s de un video en su cuenta de Instagram, Mat\u00edas Gruener, hijo de Susana Zabaleta, describi\u00f3 que \u00e9l y otros amigos fueron v\u00edctimas de un asalto a mano armado por unos sujetos que circulaban en motocicleta en la colonia San Juan, al sur de la Ciudad de M\u00e9xico.<\/p>\n<p>\u201cEra una hora pico, literal era la hora en que pasan todos los coches; eran dos chavos en una moto, se bajaron, nos sacaron una pistola, nos la pusieron en la espalda, adi\u00f3s, celulares\u201d, comparti\u00f3 Mat\u00edas.<\/p>\n<p>En el clip, donde adem\u00e1s muestran im\u00e1genes de una c\u00e1mara de seguridad que capta el momento del asalto, describe que fueron violentados f\u00edsicamente.<\/p>\n<p>\u201cA uno de mis amigos le pegaron porque nos pidieron desbloquear los tel\u00e9fonos y pues mi cuate se puso muy nervioso y entonces le empez\u00f3 a pegar (el asaltante)\u201d, agreg\u00f3 el joven.<\/p>\n","protected":false},"excerpt":{"rendered":"<p>El pasado 7 de febrero Mat\u00edas Gruener, hijo de Susana Zabaeta, describi\u00f3 que fue v\u00edctima&#8230;<\/p>\n","protected":false},"author":1,"featured_media":21096,"comment_status":"open","ping_status":"closed","sticky":false,"template":"","format":"standard","meta":{"footnotes":""},"categories":[9],"tags":[],"class_list":["post-21094","post","type-post","status-publish","format-standard","has-post-thumbnail","hentry","category-espectaculos"],"_links":{"self":[{"href":"https:\/\/xn--huracnpolmicocancnquintanaroo-knc6wmu.com\/index.php?rest_route=\/wp\/v2\/posts\/21094","targetHints":{"allow":["GET"]}}],"collection":[{"href":"https:\/\/xn--huracnpolmicocancnquintanaroo-knc6wmu.com\/index.php?rest_route=\/wp\/v2\/posts"}],"about":[{"href":"https:\/\/xn--huracnpolmicocancnquintanaroo-knc6wmu.com\/index.php?rest_route=\/wp\/v2\/types\/post"}],"author":[{"embeddable":true,"href":"https:\/\/xn--huracnpolmicocancnquintanaroo-knc6wmu.com\/index.php?rest_route=\/wp\/v2\/users\/1"}],"replies":[{"embeddable":true,"href":"https:\/\/xn--huracnpolmicocancnquintanaroo-knc6wmu.com\/index.php?rest_route=%2Fwp%2Fv2%2Fcomments&post=21094"}],"version-history":[{"count":1,"href":"https:\/\/xn--huracnpolmicocancnquintanaroo-knc6wmu.com\/index.php?rest_route=\/wp\/v2\/posts\/21094\/revisions"}],"predecessor-version":[{"id":21095,"href":"https:\/\/xn--huracnpolmicocancnquintanaroo-knc6wmu.com\/index.php?rest_route=\/wp\/v2\/posts\/21094\/revisions\/21095"}],"wp:featuredmedia":[{"embeddable":true,"href":"https:\/\/xn--huracnpolmicocancnquintanaroo-knc6wmu.com\/index.php?rest_route=\/wp\/v2\/media\/21096"}],"wp:attachment":[{"href":"https:\/\/xn--huracnpolmicocancnquintanaroo-knc6wmu.com\/index.php?rest_route=%2Fwp%2Fv2%2Fmedia&parent=21094"}],"wp:term":[{"taxonomy":"category","embeddable":true,"href":"https:\/\/xn--huracnpolmicocancnquintanaroo-knc6wmu.com\/index.php?rest_route=%2Fwp%2Fv2%2Fcategories&post=21094"},{"taxonomy":"post_tag","embeddable":true,"href":"https:\/\/xn--huracnpolmicocancnquintanaroo-knc6wmu.com\/index.php?rest_route=%2Fwp%2Fv2%2Ftags&post=21094"}],"curies":[{"name":"wp","href":"https:\/\/api.w.org\/{rel}","templated":true}]}}