{"id":21133,"date":"2024-02-19T12:18:41","date_gmt":"2024-02-19T17:18:41","guid":{"rendered":"https:\/\/xn--huracnpolmicocancnquintanaroo-knc6wmu.com\/?p=21133"},"modified":"2024-02-19T17:18:42","modified_gmt":"2024-02-19T17:18:42","slug":"palestina-pide-a-la-cij-exigir-a-israel-el-fin-inmediato-e-incondicional-de-la-ocupacion","status":"publish","type":"post","link":"https:\/\/xn--huracnpolmicocancnquintanaroo-knc6wmu.com\/?p=21133","title":{"rendered":"Palestina pide a la CIJ exigir a Israel \u201cel fin inmediato e incondicional\u201d de la ocupaci\u00f3n"},"content":{"rendered":"<p>El Gobierno palestino urgi\u00f3 este lunes a la Corte Internacional de Justicia (CIJ) declarar que la ocupaci\u00f3n israel\u00ed de Palestina es \u201cilegal y debe terminar de forma inmediata, total e incondicional\u201d y alert\u00f3 de que \u201cel genocidio en curso\u201d en la Franja de Gaza es resultado de \u201cd\u00e9cadas de impunidad\u201d de Israel.<\/p>\n<p>El ministro palestino de Exteriores, Riad al Maliki, advirti\u00f3 de que \u201cel genocidio en curso en Gaza es resultado de d\u00e9cadas de impunidad e inacci\u00f3n\u201d, en las que Israel solo \u201cha dado tres opciones al pueblo palestino: desplazamiento, subyugaci\u00f3n o muerte\u201d, y record\u00f3 que \u201cponer fin a esa impunidad israel\u00ed es un imperativo moral, pol\u00edtico y legal\u201d.<\/p>\n<p>Nuestro pueblo est\u00e1 aqu\u00ed para quedarse. Tiene derecho a vivir en libertad y dignidad en su tierra ancestral. No renunciar\u00e1 a sus derechos\u201d, advirti\u00f3 el ministro palestino.<\/p>\n<p>Al Maliki inst\u00f3 a una \u201csoluci\u00f3n justa y duradera de dos Estados democr\u00e1ticos: Palestina e Israel, uno al lado de otro, en paz y seguridad\u201d, seg\u00fan se\u00f1al\u00f3 en un discurso ante el m\u00e1ximo tribunal de la ONU, que estudia las consecuencias legales derivadas de las pol\u00edticas y pr\u00e1cticas de Israel en el territorio palestino ocupado, para emitir una opini\u00f3n consultiva.<\/p>\n<p>\u201cDurante d\u00e9cadas, al pueblo palestino se le han negado sus derechos y ha soportado tanto la colonizaci\u00f3n como el apartheid. Hay quienes se indignan por el uso de estas palabras. En cambio, deber\u00edan indignarse por la realidad que vivimos. Esta realidad es conocida por cada palestino. Sufrida por millones. Generaci\u00f3n tras generaci\u00f3n. Es la realidad de la expulsi\u00f3n del pueblo palestino de su propia tierra\u201d, se\u00f1al\u00f3 Al Maliki.<\/p>\n<p>A petici\u00f3n de la Asamblea General de la ONU, la CIJ analiza \u201clas consecuencias legales derivadas de las pol\u00edticas y pr\u00e1cticas de Israel en el territorio palestino ocupado, incluida Jerusal\u00e9n Este\u201d.<\/p>\n<p>La Corte emitir\u00e1 una opini\u00f3n jur\u00eddica no vinculante, en un caso previo a la actual guerra israel\u00ed en Gaza, que mat\u00f3 ya a un total de 29 mil 92 personas y ha dejado devastada la Franja, con 1.9 millones de desplazados en un territorio habitado por 2.3 millones de personas.<\/p>\n<p>El pasado 26 de enero, en un caso separado, la CIJ emiti\u00f3 medidas cautelares en las que exigi\u00f3 a Israel pasos \u201cinmediatos y efectivos\u201d que impidan la comisi\u00f3n de un genocidio contra la poblaci\u00f3n palestina de Gaza como consecuencias de los bombardeos israel\u00eds a la Franja desde el 7 de octubre, tras el ataque de Ham\u00e1s a Israel, que se cobr\u00f3 la vida de mil 200 personas y mantiene a m\u00e1s de un centenar de rehenes en mano del grupo islamista.<\/p>\n<p>Al Maliki se\u00f1al\u00f3 que Israel \u201csigue desafiando impunemente\u201d las \u00f3rdenes de la CIJ y alert\u00f3 de que \u201cla prolongada ocupaci\u00f3n israel\u00ed de Palestina tiene como objetivo lograr la desaparici\u00f3n completa de Palestina y la destrucci\u00f3n del pueblo palestino\u201d.<\/p>\n<p>No puede haber justificaci\u00f3n para estas injusticias e indignidades, permitir que contin\u00faen es inaceptable e inexcusable\u201d, concluy\u00f3.<\/p>\n<p>Con informaci\u00f3n de EFE<\/p>\n","protected":false},"excerpt":{"rendered":"<p>El Gobierno palestino urgi\u00f3 este lunes a la Corte Internacional de Justicia (CIJ) declarar que&#8230;<\/p>\n","protected":false},"author":1,"featured_media":21135,"comment_status":"open","ping_status":"closed","sticky":false,"template":"","format":"standard","meta":{"footnotes":""},"categories":[11],"tags":[],"class_list":["post-21133","post","type-post","status-publish","format-standard","has-post-thumbnail","hentry","category-internacional"],"_links":{"self":[{"href":"https:\/\/xn--huracnpolmicocancnquintanaroo-knc6wmu.com\/index.php?rest_route=\/wp\/v2\/posts\/21133","targetHints":{"allow":["GET"]}}],"collection":[{"href":"https:\/\/xn--huracnpolmicocancnquintanaroo-knc6wmu.com\/index.php?rest_route=\/wp\/v2\/posts"}],"about":[{"href":"https:\/\/xn--huracnpolmicocancnquintanaroo-knc6wmu.com\/index.php?rest_route=\/wp\/v2\/types\/post"}],"author":[{"embeddable":true,"href":"https:\/\/xn--huracnpolmicocancnquintanaroo-knc6wmu.com\/index.php?rest_route=\/wp\/v2\/users\/1"}],"replies":[{"embeddable":true,"href":"https:\/\/xn--huracnpolmicocancnquintanaroo-knc6wmu.com\/index.php?rest_route=%2Fwp%2Fv2%2Fcomments&post=21133"}],"version-history":[{"count":1,"href":"https:\/\/xn--huracnpolmicocancnquintanaroo-knc6wmu.com\/index.php?rest_route=\/wp\/v2\/posts\/21133\/revisions"}],"predecessor-version":[{"id":21134,"href":"https:\/\/xn--huracnpolmicocancnquintanaroo-knc6wmu.com\/index.php?rest_route=\/wp\/v2\/posts\/21133\/revisions\/21134"}],"wp:featuredmedia":[{"embeddable":true,"href":"https:\/\/xn--huracnpolmicocancnquintanaroo-knc6wmu.com\/index.php?rest_route=\/wp\/v2\/media\/21135"}],"wp:attachment":[{"href":"https:\/\/xn--huracnpolmicocancnquintanaroo-knc6wmu.com\/index.php?rest_route=%2Fwp%2Fv2%2Fmedia&parent=21133"}],"wp:term":[{"taxonomy":"category","embeddable":true,"href":"https:\/\/xn--huracnpolmicocancnquintanaroo-knc6wmu.com\/index.php?rest_route=%2Fwp%2Fv2%2Fcategories&post=21133"},{"taxonomy":"post_tag","embeddable":true,"href":"https:\/\/xn--huracnpolmicocancnquintanaroo-knc6wmu.com\/index.php?rest_route=%2Fwp%2Fv2%2Ftags&post=21133"}],"curies":[{"name":"wp","href":"https:\/\/api.w.org\/{rel}","templated":true}]}}