{"id":21152,"date":"2024-02-20T12:17:12","date_gmt":"2024-02-20T17:17:12","guid":{"rendered":"https:\/\/xn--huracnpolmicocancnquintanaroo-knc6wmu.com\/?p=21152"},"modified":"2024-02-20T17:17:13","modified_gmt":"2024-02-20T17:17:13","slug":"amenaza-de-deportacion-afecta-salud-mental-de-latinos-en-ee-uu-segun-estudio","status":"publish","type":"post","link":"https:\/\/xn--huracnpolmicocancnquintanaroo-knc6wmu.com\/?p=21152","title":{"rendered":"Amenaza de deportaci\u00f3n afecta salud mental de latinos en EE.UU., seg\u00fan estudio"},"content":{"rendered":"<p>Los cambios sociales y pol\u00edticos, y la amenaza de la deportaci\u00f3n han afectado la salud mental no solo de los migrantes latinos indocumentados sino tambi\u00e9n la de los nacionalizados, seg\u00fan un estudio publicado en \u2018Proceedings of the National Academy of Sciences\u2018.<\/p>\n<p>El estudio, que analiz\u00f3 datos sobre la salud mental de los latinos entre 2011 y 2018, encontr\u00f3 un incremento de la angustia psicol\u00f3gica entre los hispanos, documentados e indocumentados, y advirti\u00f3 que ese impacto podr\u00eda aumentar durante el ciclo electoral de 2024.<\/p>\n<p>La forma en la cual la gente habla de la inmigraci\u00f3n y cu\u00e1n relevante es en la vida cotidiana la inmigraci\u00f3n y la deportaci\u00f3n es, potencialmente, tan importante como los acontecimientos y cambios m\u00e1s significativos\u201d, indic\u00f3 Amy Johnson, profesora de sociolog\u00eda en Lehigh University.<\/p>\n<p>Entre estos acontecimientos Johnson mencion\u00f3 la elecci\u00f3n de Donald Trump como presidente en 2017, o el programa de deportaci\u00f3n diferida conocido como DACA, que ha amparado de forma precaria a m\u00e1s de 800 mil migrantes indocumentados tra\u00eddos al pa\u00eds cuando eran menores de edad.<\/p>\n<p>Seg\u00fan los investigadores, cuando el gobierno del entonces presidente Barack Obama anunci\u00f3 en 2012 el programa DACA, la medida alivi\u00f3 las angustias tambi\u00e9n de los latinos que se han hecho ciudadanos estadounidenses.<\/p>\n<p>Por contraste, la gesti\u00f3n presidencial de Trump caus\u00f3 s\u00edntomas de ansiedad y depresi\u00f3n entre los latinos que no son ciudadanos, indicaron los investigadores.<\/p>\n<p>El estudio tambi\u00e9n estuvo dirigido por Christopher Levesque, de Kenyon College, Neil Lewis, profesor de comunicaci\u00f3n en la Universidad Cornell, en Nueva York; y Asad Asad profesor de sociolog\u00eda en la Universidad Stanford, en California.<\/p>\n<p>Los investigadores se\u00f1alaron que, si bien hay impactos directos de los cambios en el gobierno federal y sus pol\u00edticas de inmigraci\u00f3n, no son s\u00f3lo las elecciones presidenciales las que tienen consecuencias.<\/p>\n<p>M\u00e1s all\u00e1 del nivel federal, los investigadores encontraron que el contexto cotidiano relacionado con la inmigraci\u00f3n y las operaciones policiales tambi\u00e9n causan angustia psicol\u00f3gica.<\/p>\n<p>Un ejemplo de este impacto es el de las solicitudes del servicio de control de Inmigraci\u00f3n y Aduanas (ICE) para la transferencia de personas detenidas por la polic\u00eda local.<\/p>\n<p>Aunque los latinos nacidos en Estados Unidos no son susceptibles de deportaci\u00f3n los acontecimientos relacionados con la inmigraci\u00f3n tambi\u00e9n impactan sus salud mental, a\u00f1adi\u00f3 el art\u00edculo.<\/p>\n<p>Mediante el uso de Google Trends, los investigadores muestran que los latinos nacidos en EE.UU. experimentaron per\u00edodos de m\u00e1s angustia que coinciden con un aumento de las \u2018b\u00fasquedas\u2019 en Google de materiales relacionados con la deportaci\u00f3n y la inmigraci\u00f3n\u201d, agreg\u00f3 el art\u00edculo.<\/p>\n<p>Johnson afirm\u00f3 que \u201cel enfoque de la inmigraci\u00f3n centrado en la deportaci\u00f3n que el gobierno ha adoptado es psicol\u00f3gicamente da\u00f1ino a\u00fan para ciudadanos estadounidenses\u201d.<\/p>\n","protected":false},"excerpt":{"rendered":"<p>Los cambios sociales y pol\u00edticos, y la amenaza de la deportaci\u00f3n han afectado la salud&#8230;<\/p>\n","protected":false},"author":1,"featured_media":21154,"comment_status":"open","ping_status":"closed","sticky":false,"template":"","format":"standard","meta":{"footnotes":""},"categories":[11],"tags":[],"class_list":["post-21152","post","type-post","status-publish","format-standard","has-post-thumbnail","hentry","category-internacional"],"_links":{"self":[{"href":"https:\/\/xn--huracnpolmicocancnquintanaroo-knc6wmu.com\/index.php?rest_route=\/wp\/v2\/posts\/21152","targetHints":{"allow":["GET"]}}],"collection":[{"href":"https:\/\/xn--huracnpolmicocancnquintanaroo-knc6wmu.com\/index.php?rest_route=\/wp\/v2\/posts"}],"about":[{"href":"https:\/\/xn--huracnpolmicocancnquintanaroo-knc6wmu.com\/index.php?rest_route=\/wp\/v2\/types\/post"}],"author":[{"embeddable":true,"href":"https:\/\/xn--huracnpolmicocancnquintanaroo-knc6wmu.com\/index.php?rest_route=\/wp\/v2\/users\/1"}],"replies":[{"embeddable":true,"href":"https:\/\/xn--huracnpolmicocancnquintanaroo-knc6wmu.com\/index.php?rest_route=%2Fwp%2Fv2%2Fcomments&post=21152"}],"version-history":[{"count":1,"href":"https:\/\/xn--huracnpolmicocancnquintanaroo-knc6wmu.com\/index.php?rest_route=\/wp\/v2\/posts\/21152\/revisions"}],"predecessor-version":[{"id":21153,"href":"https:\/\/xn--huracnpolmicocancnquintanaroo-knc6wmu.com\/index.php?rest_route=\/wp\/v2\/posts\/21152\/revisions\/21153"}],"wp:featuredmedia":[{"embeddable":true,"href":"https:\/\/xn--huracnpolmicocancnquintanaroo-knc6wmu.com\/index.php?rest_route=\/wp\/v2\/media\/21154"}],"wp:attachment":[{"href":"https:\/\/xn--huracnpolmicocancnquintanaroo-knc6wmu.com\/index.php?rest_route=%2Fwp%2Fv2%2Fmedia&parent=21152"}],"wp:term":[{"taxonomy":"category","embeddable":true,"href":"https:\/\/xn--huracnpolmicocancnquintanaroo-knc6wmu.com\/index.php?rest_route=%2Fwp%2Fv2%2Fcategories&post=21152"},{"taxonomy":"post_tag","embeddable":true,"href":"https:\/\/xn--huracnpolmicocancnquintanaroo-knc6wmu.com\/index.php?rest_route=%2Fwp%2Fv2%2Ftags&post=21152"}],"curies":[{"name":"wp","href":"https:\/\/api.w.org\/{rel}","templated":true}]}}