{"id":21173,"date":"2024-02-21T12:09:58","date_gmt":"2024-02-21T17:09:58","guid":{"rendered":"https:\/\/xn--huracnpolmicocancnquintanaroo-knc6wmu.com\/?p=21173"},"modified":"2024-02-21T17:10:00","modified_gmt":"2024-02-21T17:10:00","slug":"eln-declara-el-proceso-de-paz-con-el-gobierno-de-colombia-en-estado-de-crisis","status":"publish","type":"post","link":"https:\/\/xn--huracnpolmicocancnquintanaroo-knc6wmu.com\/?p=21173","title":{"rendered":"ELN declara el proceso de paz con el gobierno de Colombia en estado de &#8216;crisis&#8217;"},"content":{"rendered":"<p>La guerrilla izquierdista del Ej\u00e9rcito de Liberaci\u00f3n Nacional (ELN) declar\u00f3 en crisis la negociaci\u00f3n de paz con el Gobierno de Colombia, lo acus\u00f3 de violar los acuerdos alcanzados y llam\u00f3 a consultas a sus negociadores por el inicio de un di\u00e1logo regional por fuera del proceso.<\/p>\n<p>El presidente de Colombia, Gustavo Petro, restableci\u00f3 a finales del 2022 una negociaci\u00f3n con esa guerrilla, fundada en 1964 por sacerdotes cat\u00f3licos radicales, como parte de sus esfuerzos por alcanzar una paz total y acabar un conflicto de seis d\u00e9cadas que ha dejado m\u00e1s de 450 mil muertos.<\/p>\n<p>En seis ciclos de conversaciones las partes acordaron un cese bilateral al fuego, la creaci\u00f3n de un fondo de multidonantes para financiar el proceso, al tiempo que la guerrilla se comprometi\u00f3 a suspender los secuestros econ\u00f3micos.<\/p>\n<p>&#8220;Habiendo pactado un proceso nacional de participaci\u00f3n de la sociedad, ahora monta un di\u00e1logo regional en Nari\u00f1o por fuera y desconociendo la delegaci\u00f3n del ELN y la mesa donde participa la comunidad internacional oficiando como garantes, as\u00ed como la ONU y tambi\u00e9n la Conferencia Episcopal Colombiana&#8221;, dijo un comunicado del ELN el martes en la noche.<\/p>\n<p>&#8220;Al hacerse p\u00fablico tal montaje, disfrazado de di\u00e1logos regionales, el proceso entra en abierta crisis y nos vemos en la obligaci\u00f3n de llamar a consultas a nuestra delegaci\u00f3n. Sin ser responsabilidad lo acontecido, los di\u00e1logos entre el ELN y el Gobierno Nacional entrar\u00edan en una fase de congelamiento mientras el Gobierno se disponga a cumplir lo acordado&#8221;, agreg\u00f3.<\/p>\n<p>La delegaci\u00f3n del Gobierno respondi\u00f3 que &#8220;ha cumplido a cabalidad todos sus compromisos, y siempre ha estado dispuesto a encontrar salidas ante las situaciones cr\u00edticas y las dificultades que ha enfrentado la mesa de di\u00e1logos&#8221;.<\/p>\n<p>Sin embargo, aclar\u00f3 que una de las prioridades del Gobierno es desarrollar la paz en los territorios y sostuvo que &#8220;las decisiones que unilateralmente tome el ELN son su entera responsabilidad, y conducen a generar crisis innecesarias que prolongan la confrontaci\u00f3n armada y la violencia&#8221;.<\/p>\n<p>El m\u00e1ximo comandante del ELN, Antonio Garc\u00eda, dijo a Reuters esta semana que esa guerrilla responder\u00e1 los ataques de las Fuerzas Militares contra sus tropas pese a un cese bilateral con el Gobierno prorrogado recientemente, mientras previ\u00f3 que la actual fase de la negociaci\u00f3n solo terminar\u00eda en el 2025.<\/p>\n<p>El m\u00e1s reciente ciclo de di\u00e1logos se realiz\u00f3 en La Habana. La negociaci\u00f3n cuenta con el apoyo de M\u00e9xico, Noruega, Venezuela, Cuba, Brasil y Chile como pa\u00edses garantes. El ELN, considerado una organizaci\u00f3n terrorista por Estados Unidos y la Uni\u00f3n Europea, tiene unos 5 mil 850 integrantes, incluidos m\u00e1s de 3 mil combatientes, seg\u00fan fuentes de seguridad.<\/p>\n<p>Las negociaciones de anteriores gobiernos con el ELN, acusado de financiarse del secuestro, la extorsi\u00f3n, el narcotr\u00e1fico y la miner\u00eda ilegal, no avanzaron por sus posiciones radicales, una cadena de mando difusa y disensos en sus filas.<\/p>\n","protected":false},"excerpt":{"rendered":"<p>La guerrilla izquierdista del Ej\u00e9rcito de Liberaci\u00f3n Nacional (ELN) declar\u00f3 en crisis la negociaci\u00f3n de&#8230;<\/p>\n","protected":false},"author":1,"featured_media":21175,"comment_status":"open","ping_status":"closed","sticky":false,"template":"","format":"standard","meta":{"footnotes":""},"categories":[11],"tags":[],"class_list":["post-21173","post","type-post","status-publish","format-standard","has-post-thumbnail","hentry","category-internacional"],"_links":{"self":[{"href":"https:\/\/xn--huracnpolmicocancnquintanaroo-knc6wmu.com\/index.php?rest_route=\/wp\/v2\/posts\/21173","targetHints":{"allow":["GET"]}}],"collection":[{"href":"https:\/\/xn--huracnpolmicocancnquintanaroo-knc6wmu.com\/index.php?rest_route=\/wp\/v2\/posts"}],"about":[{"href":"https:\/\/xn--huracnpolmicocancnquintanaroo-knc6wmu.com\/index.php?rest_route=\/wp\/v2\/types\/post"}],"author":[{"embeddable":true,"href":"https:\/\/xn--huracnpolmicocancnquintanaroo-knc6wmu.com\/index.php?rest_route=\/wp\/v2\/users\/1"}],"replies":[{"embeddable":true,"href":"https:\/\/xn--huracnpolmicocancnquintanaroo-knc6wmu.com\/index.php?rest_route=%2Fwp%2Fv2%2Fcomments&post=21173"}],"version-history":[{"count":1,"href":"https:\/\/xn--huracnpolmicocancnquintanaroo-knc6wmu.com\/index.php?rest_route=\/wp\/v2\/posts\/21173\/revisions"}],"predecessor-version":[{"id":21174,"href":"https:\/\/xn--huracnpolmicocancnquintanaroo-knc6wmu.com\/index.php?rest_route=\/wp\/v2\/posts\/21173\/revisions\/21174"}],"wp:featuredmedia":[{"embeddable":true,"href":"https:\/\/xn--huracnpolmicocancnquintanaroo-knc6wmu.com\/index.php?rest_route=\/wp\/v2\/media\/21175"}],"wp:attachment":[{"href":"https:\/\/xn--huracnpolmicocancnquintanaroo-knc6wmu.com\/index.php?rest_route=%2Fwp%2Fv2%2Fmedia&parent=21173"}],"wp:term":[{"taxonomy":"category","embeddable":true,"href":"https:\/\/xn--huracnpolmicocancnquintanaroo-knc6wmu.com\/index.php?rest_route=%2Fwp%2Fv2%2Fcategories&post=21173"},{"taxonomy":"post_tag","embeddable":true,"href":"https:\/\/xn--huracnpolmicocancnquintanaroo-knc6wmu.com\/index.php?rest_route=%2Fwp%2Fv2%2Ftags&post=21173"}],"curies":[{"name":"wp","href":"https:\/\/api.w.org\/{rel}","templated":true}]}}