{"id":21206,"date":"2024-02-23T14:40:21","date_gmt":"2024-02-23T19:40:21","guid":{"rendered":"https:\/\/xn--huracnpolmicocancnquintanaroo-knc6wmu.com\/?p=21206"},"modified":"2024-02-23T19:40:22","modified_gmt":"2024-02-23T19:40:22","slug":"lopez-obrador-revela-fecha-de-inauguracion-de-museo-de-chichen-itza-y-otro-tramo-del-tren-maya","status":"publish","type":"post","link":"https:\/\/xn--huracnpolmicocancnquintanaroo-knc6wmu.com\/?p=21206","title":{"rendered":"L\u00f3pez Obrador revela fecha de inauguraci\u00f3n de Museo de Chich\u00e9n Itz\u00e1 y otro tramo del Tren Maya"},"content":{"rendered":"<p>El Museo de Chich\u00e9n Itz\u00e1 y un nuevo tramo del Tren Maya ya tienen fecha de apertura, as\u00ed lo dio a conocer el presidente Andr\u00e9s Manuel L\u00f3pez Obrador, quien adelant\u00f3 que ser\u00e1 el 28 y 29 de febrero, respectivamente.<\/p>\n<p>En rueda de prensa en Palacio Nacional, L\u00f3pez Obrador anunci\u00f3 que durante los dos d\u00edas encabezar\u00e1 el recorrido en el Tren Maya desde Palenque hasta llegar a Playa del Carmen.<\/p>\n<p>\u201cEl mi\u00e9rcoles vamos a inaugurar el Museo de Chich\u00e9n Itz\u00e1, pero vamos a hacer el recorrido desde Palenque a Canc\u00fan, bajando en Chich\u00e9n. Al d\u00eda siguiente ya inauguramos de Canc\u00fan a Playa, son como 50 kil\u00f3metros.<\/p>\n<p>\u201cEs muy importante porque est\u00e1n los hoteles, ah\u00ed, los trabajadores van a poder ir de Canc\u00fan a sus centros de trabajo muy r\u00e1pido en el tren, y los turistas parar a conocer las zonas tur\u00edsticas\u201d, explic\u00f3 L\u00f3pez Obrador.<\/p>\n<p>El titular del Ejecutivo destac\u00f3 que, si bien se siguen interponiendo amparos contra la construcci\u00f3n del Tren, la obra seguir\u00e1 en los tramos donde legalmente no haya impedimentos.<\/p>\n<p>\u201cPuede ser que nos digan, no trabajen aqu\u00ed, pero tenemos muchos tramos para seguir trabajando\u201d, consider\u00f3.<\/p>\n","protected":false},"excerpt":{"rendered":"<p>El Museo de Chich\u00e9n Itz\u00e1 y un nuevo tramo del Tren Maya ya tienen fecha&#8230;<\/p>\n","protected":false},"author":1,"featured_media":21208,"comment_status":"open","ping_status":"closed","sticky":false,"template":"","format":"standard","meta":{"footnotes":""},"categories":[12],"tags":[],"class_list":["post-21206","post","type-post","status-publish","format-standard","has-post-thumbnail","hentry","category-nacional"],"_links":{"self":[{"href":"https:\/\/xn--huracnpolmicocancnquintanaroo-knc6wmu.com\/index.php?rest_route=\/wp\/v2\/posts\/21206","targetHints":{"allow":["GET"]}}],"collection":[{"href":"https:\/\/xn--huracnpolmicocancnquintanaroo-knc6wmu.com\/index.php?rest_route=\/wp\/v2\/posts"}],"about":[{"href":"https:\/\/xn--huracnpolmicocancnquintanaroo-knc6wmu.com\/index.php?rest_route=\/wp\/v2\/types\/post"}],"author":[{"embeddable":true,"href":"https:\/\/xn--huracnpolmicocancnquintanaroo-knc6wmu.com\/index.php?rest_route=\/wp\/v2\/users\/1"}],"replies":[{"embeddable":true,"href":"https:\/\/xn--huracnpolmicocancnquintanaroo-knc6wmu.com\/index.php?rest_route=%2Fwp%2Fv2%2Fcomments&post=21206"}],"version-history":[{"count":1,"href":"https:\/\/xn--huracnpolmicocancnquintanaroo-knc6wmu.com\/index.php?rest_route=\/wp\/v2\/posts\/21206\/revisions"}],"predecessor-version":[{"id":21207,"href":"https:\/\/xn--huracnpolmicocancnquintanaroo-knc6wmu.com\/index.php?rest_route=\/wp\/v2\/posts\/21206\/revisions\/21207"}],"wp:featuredmedia":[{"embeddable":true,"href":"https:\/\/xn--huracnpolmicocancnquintanaroo-knc6wmu.com\/index.php?rest_route=\/wp\/v2\/media\/21208"}],"wp:attachment":[{"href":"https:\/\/xn--huracnpolmicocancnquintanaroo-knc6wmu.com\/index.php?rest_route=%2Fwp%2Fv2%2Fmedia&parent=21206"}],"wp:term":[{"taxonomy":"category","embeddable":true,"href":"https:\/\/xn--huracnpolmicocancnquintanaroo-knc6wmu.com\/index.php?rest_route=%2Fwp%2Fv2%2Fcategories&post=21206"},{"taxonomy":"post_tag","embeddable":true,"href":"https:\/\/xn--huracnpolmicocancnquintanaroo-knc6wmu.com\/index.php?rest_route=%2Fwp%2Fv2%2Ftags&post=21206"}],"curies":[{"name":"wp","href":"https:\/\/api.w.org\/{rel}","templated":true}]}}