{"id":21212,"date":"2024-02-23T15:47:12","date_gmt":"2024-02-23T20:47:12","guid":{"rendered":"https:\/\/xn--huracnpolmicocancnquintanaroo-knc6wmu.com\/?p=21212"},"modified":"2024-02-23T20:47:13","modified_gmt":"2024-02-23T20:47:13","slug":"alemania-legaliza-el-consumo-recreativo-de-la-mariguana","status":"publish","type":"post","link":"https:\/\/xn--huracnpolmicocancnquintanaroo-knc6wmu.com\/?p=21212","title":{"rendered":"Alemania legaliza el consumo recreativo de la mariguana"},"content":{"rendered":"<p>El parlamento alem\u00e1n aprob\u00f3 este viernes de forma definitiva un texto para legalizar el cannabis recreativo, una ley clave para el gobierno de Olaf Scholz que se top\u00f3 con numerosas cr\u00edticas. Durante una votaci\u00f3n en el Bundestag, la ley sali\u00f3 adelante con 407 votos a favor y 226 en contra, ratificando una legalizaci\u00f3n que entrar\u00e1 en vigor el 1 de abril.<\/p>\n<p>A pesar de la aprobaci\u00f3n en el Bundestag, existen dudas sobre la implementaci\u00f3n del calendario previsto. Aunque la ley se enviar\u00e1 al Consejo Federal a finales de marzo, no requiere su aprobaci\u00f3n. Sin embargo, los estados federados podr\u00edan convocar un comit\u00e9 de mediaci\u00f3n conjunto con el Bundestag, lo que podr\u00eda resultar en posibles retrasos en la implementaci\u00f3n de los planes.<\/p>\n<p>El debate en el Bundestag estuvo lleno de intensidad, con fuertes abucheos y desacuerdos dentro de la coalici\u00f3n de Scholz. Incluso varios diputados del progresista SPD expresaron su oposici\u00f3n al proyecto de ley.<\/p>\n<p>La nueva ley despenalizar\u00e1 inicialmente la posesi\u00f3n de hasta 25 gramos de cannabis o 50 gramos al mes para adultos. Se permitir\u00e1 que las personas cultiven hasta tres plantas en casa, y a partir del verano, se autorizar\u00e1 el cultivo colectivo en clubes. La trata de menores relacionada con el cannabis ser\u00e1 castigada con al menos dos a\u00f1os de prisi\u00f3n. Adem\u00e1s, se permitir\u00e1 fumar marihuana en lugares p\u00fablicos, excluyendo escuelas y guarder\u00edas.<\/p>\n<p>Adem\u00e1s, se facilitar\u00e1 a las empresas el cultivo de cannabis con fines medicinales en Alemania.<\/p>\n<p>El ministro federal de Salud, Karl Lauterbach, destac\u00f3 los objetivos de la legalizaci\u00f3n durante el debate: combatir el mercado negro y garantizar una mejor protecci\u00f3n para los ni\u00f1os y j\u00f3venes. Se\u00f1al\u00f3 la necesidad de informar a los j\u00f3venes menores de 25 a\u00f1os sobre las consecuencias del consumo de cannabis y destac\u00f3 que, aunque hab\u00eda sido inicialmente contrario a la legalizaci\u00f3n, los investigadores de adicciones respaldan este paso.<\/p>\n<p>La oposici\u00f3n, liderada por el conservador CDU, expres\u00f3 preocupaciones sobre el impacto de la legalizaci\u00f3n en el sistema sanitario alem\u00e1n y la seguridad de los j\u00f3venes. Cuestionaron la preparaci\u00f3n del sem\u00e1foro para enfrentar las implicaciones m\u00e9dicas y sociales de la legalizaci\u00f3n del cannabis.<\/p>\n<p>En medio del debate, Axel M\u00fcller del grupo de la CDU acus\u00f3 al gobierno de hacer pol\u00edtica clientelista, advirtiendo sobre los riesgos psicol\u00f3gicos del cannabis y expresando dudas sobre la eficacia de la legalizaci\u00f3n para combatir el mercado negro.<\/p>\n<p>La pol\u00edtica verde Kirsten Kappert-Gonther elogi\u00f3 la aprobaci\u00f3n de la ley como un hito en una pol\u00edtica de drogas sensata. Destac\u00f3 que la legalizaci\u00f3n facilitar\u00e1 el acceso al cannabis medicinal en el pa\u00eds y permitir\u00e1 un avance significativo en la producci\u00f3n local de cannabis con fines medicinales.<\/p>\n","protected":false},"excerpt":{"rendered":"<p>El parlamento alem\u00e1n aprob\u00f3 este viernes de forma definitiva un texto para legalizar el cannabis&#8230;<\/p>\n","protected":false},"author":1,"featured_media":21214,"comment_status":"open","ping_status":"closed","sticky":false,"template":"","format":"standard","meta":{"footnotes":""},"categories":[11],"tags":[],"class_list":["post-21212","post","type-post","status-publish","format-standard","has-post-thumbnail","hentry","category-internacional"],"_links":{"self":[{"href":"https:\/\/xn--huracnpolmicocancnquintanaroo-knc6wmu.com\/index.php?rest_route=\/wp\/v2\/posts\/21212","targetHints":{"allow":["GET"]}}],"collection":[{"href":"https:\/\/xn--huracnpolmicocancnquintanaroo-knc6wmu.com\/index.php?rest_route=\/wp\/v2\/posts"}],"about":[{"href":"https:\/\/xn--huracnpolmicocancnquintanaroo-knc6wmu.com\/index.php?rest_route=\/wp\/v2\/types\/post"}],"author":[{"embeddable":true,"href":"https:\/\/xn--huracnpolmicocancnquintanaroo-knc6wmu.com\/index.php?rest_route=\/wp\/v2\/users\/1"}],"replies":[{"embeddable":true,"href":"https:\/\/xn--huracnpolmicocancnquintanaroo-knc6wmu.com\/index.php?rest_route=%2Fwp%2Fv2%2Fcomments&post=21212"}],"version-history":[{"count":1,"href":"https:\/\/xn--huracnpolmicocancnquintanaroo-knc6wmu.com\/index.php?rest_route=\/wp\/v2\/posts\/21212\/revisions"}],"predecessor-version":[{"id":21213,"href":"https:\/\/xn--huracnpolmicocancnquintanaroo-knc6wmu.com\/index.php?rest_route=\/wp\/v2\/posts\/21212\/revisions\/21213"}],"wp:featuredmedia":[{"embeddable":true,"href":"https:\/\/xn--huracnpolmicocancnquintanaroo-knc6wmu.com\/index.php?rest_route=\/wp\/v2\/media\/21214"}],"wp:attachment":[{"href":"https:\/\/xn--huracnpolmicocancnquintanaroo-knc6wmu.com\/index.php?rest_route=%2Fwp%2Fv2%2Fmedia&parent=21212"}],"wp:term":[{"taxonomy":"category","embeddable":true,"href":"https:\/\/xn--huracnpolmicocancnquintanaroo-knc6wmu.com\/index.php?rest_route=%2Fwp%2Fv2%2Fcategories&post=21212"},{"taxonomy":"post_tag","embeddable":true,"href":"https:\/\/xn--huracnpolmicocancnquintanaroo-knc6wmu.com\/index.php?rest_route=%2Fwp%2Fv2%2Ftags&post=21212"}],"curies":[{"name":"wp","href":"https:\/\/api.w.org\/{rel}","templated":true}]}}