{"id":21236,"date":"2024-02-26T10:46:46","date_gmt":"2024-02-26T15:46:46","guid":{"rendered":"https:\/\/xn--huracnpolmicocancnquintanaroo-knc6wmu.com\/?p=21236"},"modified":"2024-02-26T15:46:48","modified_gmt":"2024-02-26T15:46:48","slug":"alejandro-sanz-se-lleva-la-gaviota-plata-y-oro-durante-la-inauguracion-del-festival-de-vina-del-mar","status":"publish","type":"post","link":"https:\/\/xn--huracnpolmicocancnquintanaroo-knc6wmu.com\/?p=21236","title":{"rendered":"Alejandro Sanz se lleva la Gaviota plata y oro durante la inauguraci\u00f3n del Festival de Vi\u00f1a del Mar"},"content":{"rendered":"<p>La pol\u00e9mica edici\u00f3n 2024 del Festival de Vi\u00f1a del Mar dio inicio esta noche con la presentaci\u00f3n de Alejandro Sanz. El espa\u00f1ol fue el primer artista invitado en el escenario y comenz\u00f3 su espect\u00e1culo momentos despu\u00e9s de que se realizar\u00e1 un peque\u00f1o homenaje a las v\u00edctimas de los incendios forestales que han azotado Valpara\u00edso.<\/p>\n<p>La noche de Sanz arranc\u00f3 con el tema \u201cNo es lo mismo\u201d, provocando los gritos y aplausos del p\u00fablico; posteriormente interpret\u00f3 su cl\u00e1sico &#8220;Lo que fui es lo que soy&#8221;.<\/p>\n<p>\u201cEs una noche muy especial para todos los que estamos aqu\u00ed, espero que lo sea para ustedes tambi\u00e9n. Viva la m\u00fasica, viva la vida. Vamos a poner todo aqu\u00ed esta noche\u201d, dijo emocionado al p\u00fablico.<\/p>\n<p>Sanz continu\u00f3 con &#8220;El alma al aire&#8221; y &#8220;Deja que te bese&#8221;, y en un gesto de amabilidad y admiraci\u00f3n decidi\u00f3 dedicar el tema &#8220;Looking for the paradise&#8221; a los voluntarios de Vi\u00f1a.<\/p>\n<p>El p\u00fablico se emocion\u00f3 hasta los gritos cuando sonaron los primeros acordes de &#8220;La fuerza del coraz\u00f3n\u201d, \u201cCuando nadie me ve\u201d y &#8220;Amiga m\u00eda&#8221;, para despu\u00e9s dar paso al cl\u00e1sico &#8220;Coraz\u00f3n Part\u00edo&#8221;.<\/p>\n<p>Esta presentaci\u00f3n signific\u00f3 el regreso del cantautor al escenario de la Quinta de Vergara, el cual ya ha iluminado en cinco ocasiones, incluyendo la de este a\u00f1o.<\/p>\n<p>Tras su actuaci\u00f3n, el espa\u00f1ol fue galardonado con la Gaviota de Plata y Oro, un reconocimiento reservado para los artistas m\u00e1s sobresalientes en la industria musical.<\/p>\n<p>Esta misma tarde y horas antes de su actuaci\u00f3n en ele escenario, Sanz visit\u00f3 una de las &#8216;zonas cero&#8217; de los incendios que, a principios de mes causaron 133 muertos y arrasaron con miles de casas en la regi\u00f3n costera chilena de Valpara\u00edso y pidi\u00f3 &#8220;m\u00e1s manos&#8221; para ayudar en la reconstrucci\u00f3n.<\/p>\n<p>El cantante, quiso desplazarse a Villa Independencia, de las zonas m\u00e1s afectadas, donde comparti\u00f3 tiempo, experiencias y abrazos con los voluntarios de una &#8216;olla com\u00fan&#8217;; adem\u00e1s de entregarles ayuda y les entreg\u00f3 ayuda.<\/p>\n<p>Despu\u00e9s, sobre los terrenos calcinados de una iglesia, atendi\u00f3 a los periodistas: &#8220;Hemos venido aqu\u00ed a visitar un poco el trabajo que est\u00e1n haciendo y para darle un poquito de visibilidad a esto, utilizar tambi\u00e9n el Festival de Vi\u00f1a para que no se olvide lo que ha pasado aqu\u00ed, para que la gente colabore. Nosotros vamos a hacer tambi\u00e9n lo que est\u00e9 en nuestra mano&#8221;, afirm\u00f3.<\/p>\n<p>Asimismo, pidi\u00f3 a otras estrellas para que se sumen a los esfuerzos.<\/p>\n","protected":false},"excerpt":{"rendered":"<p>La pol\u00e9mica edici\u00f3n 2024 del Festival de Vi\u00f1a del Mar dio inicio esta noche con&#8230;<\/p>\n","protected":false},"author":1,"featured_media":21238,"comment_status":"open","ping_status":"closed","sticky":false,"template":"","format":"standard","meta":{"footnotes":""},"categories":[9],"tags":[],"class_list":["post-21236","post","type-post","status-publish","format-standard","has-post-thumbnail","hentry","category-espectaculos"],"_links":{"self":[{"href":"https:\/\/xn--huracnpolmicocancnquintanaroo-knc6wmu.com\/index.php?rest_route=\/wp\/v2\/posts\/21236","targetHints":{"allow":["GET"]}}],"collection":[{"href":"https:\/\/xn--huracnpolmicocancnquintanaroo-knc6wmu.com\/index.php?rest_route=\/wp\/v2\/posts"}],"about":[{"href":"https:\/\/xn--huracnpolmicocancnquintanaroo-knc6wmu.com\/index.php?rest_route=\/wp\/v2\/types\/post"}],"author":[{"embeddable":true,"href":"https:\/\/xn--huracnpolmicocancnquintanaroo-knc6wmu.com\/index.php?rest_route=\/wp\/v2\/users\/1"}],"replies":[{"embeddable":true,"href":"https:\/\/xn--huracnpolmicocancnquintanaroo-knc6wmu.com\/index.php?rest_route=%2Fwp%2Fv2%2Fcomments&post=21236"}],"version-history":[{"count":1,"href":"https:\/\/xn--huracnpolmicocancnquintanaroo-knc6wmu.com\/index.php?rest_route=\/wp\/v2\/posts\/21236\/revisions"}],"predecessor-version":[{"id":21237,"href":"https:\/\/xn--huracnpolmicocancnquintanaroo-knc6wmu.com\/index.php?rest_route=\/wp\/v2\/posts\/21236\/revisions\/21237"}],"wp:featuredmedia":[{"embeddable":true,"href":"https:\/\/xn--huracnpolmicocancnquintanaroo-knc6wmu.com\/index.php?rest_route=\/wp\/v2\/media\/21238"}],"wp:attachment":[{"href":"https:\/\/xn--huracnpolmicocancnquintanaroo-knc6wmu.com\/index.php?rest_route=%2Fwp%2Fv2%2Fmedia&parent=21236"}],"wp:term":[{"taxonomy":"category","embeddable":true,"href":"https:\/\/xn--huracnpolmicocancnquintanaroo-knc6wmu.com\/index.php?rest_route=%2Fwp%2Fv2%2Fcategories&post=21236"},{"taxonomy":"post_tag","embeddable":true,"href":"https:\/\/xn--huracnpolmicocancnquintanaroo-knc6wmu.com\/index.php?rest_route=%2Fwp%2Fv2%2Ftags&post=21236"}],"curies":[{"name":"wp","href":"https:\/\/api.w.org\/{rel}","templated":true}]}}