{"id":21239,"date":"2024-02-26T12:10:08","date_gmt":"2024-02-26T17:10:08","guid":{"rendered":"https:\/\/xn--huracnpolmicocancnquintanaroo-knc6wmu.com\/?p=21239"},"modified":"2024-02-26T17:10:10","modified_gmt":"2024-02-26T17:10:10","slug":"papa-francisco-cancela-sus-planes-de-la-manana-por-sintomas-leves-de-gripe","status":"publish","type":"post","link":"https:\/\/xn--huracnpolmicocancnquintanaroo-knc6wmu.com\/?p=21239","title":{"rendered":"Papa Francisco cancela sus planes de la ma\u00f1ana por s\u00edntomas leves de gripe"},"content":{"rendered":"<p>CIUDAD DEL VATICANO. \u2014 El papa Francisco cancel\u00f3 sus actos previstos para este lunes por la ma\u00f1ana debido a unos s\u00edntomas gripales persistentes pero leves, seg\u00fan indic\u00f3 la oficina de prensa del Vaticano en un breve comunicado, en el que aclar\u00f3 que el papa no ten\u00eda fiebre.<\/p>\n<p>La decisi\u00f3n se tom\u00f3 como medida de precauci\u00f3n, se\u00f1al\u00f3 el comunicado.<\/p>\n<p>El papa Francisco se sinti\u00f3 lo bastante bien el domingo como para ofrecer su plegaria semanal del Angelus desde la ventana del Vaticano con vistas a la plaza de San Pedro, al d\u00eda siguiente de cancelar una audiencia p\u00fablica por s\u00edntomas similares a una gripe suave.<\/p>\n<p>El calendario del Vaticano no mostraba audiencias p\u00fablicas del papa el lunes por la ma\u00f1ana, aunque podr\u00eda haber tenido otros compromisos privados.<\/p>\n<p>El pont\u00edfice de 87 a\u00f1os se vio obligado a cancelar el s\u00e1bado una audiencia programada con di\u00e1conos romanos como precauci\u00f3n por una \u201ccondici\u00f3n leve de s\u00edntomas de gripe\u201d, seg\u00fan indic\u00f3 su oficina de prensa en otro breve comunicado.<\/p>\n<p>En los \u00faltimos meses, el papa ha cancelado algunas actividades y un viaje internacional por su fr\u00e1gil salud.<\/p>\n","protected":false},"excerpt":{"rendered":"<p>CIUDAD DEL VATICANO. \u2014 El papa Francisco cancel\u00f3 sus actos previstos para este lunes por&#8230;<\/p>\n","protected":false},"author":1,"featured_media":21241,"comment_status":"open","ping_status":"closed","sticky":false,"template":"","format":"standard","meta":{"footnotes":""},"categories":[11],"tags":[],"class_list":["post-21239","post","type-post","status-publish","format-standard","has-post-thumbnail","hentry","category-internacional"],"_links":{"self":[{"href":"https:\/\/xn--huracnpolmicocancnquintanaroo-knc6wmu.com\/index.php?rest_route=\/wp\/v2\/posts\/21239","targetHints":{"allow":["GET"]}}],"collection":[{"href":"https:\/\/xn--huracnpolmicocancnquintanaroo-knc6wmu.com\/index.php?rest_route=\/wp\/v2\/posts"}],"about":[{"href":"https:\/\/xn--huracnpolmicocancnquintanaroo-knc6wmu.com\/index.php?rest_route=\/wp\/v2\/types\/post"}],"author":[{"embeddable":true,"href":"https:\/\/xn--huracnpolmicocancnquintanaroo-knc6wmu.com\/index.php?rest_route=\/wp\/v2\/users\/1"}],"replies":[{"embeddable":true,"href":"https:\/\/xn--huracnpolmicocancnquintanaroo-knc6wmu.com\/index.php?rest_route=%2Fwp%2Fv2%2Fcomments&post=21239"}],"version-history":[{"count":1,"href":"https:\/\/xn--huracnpolmicocancnquintanaroo-knc6wmu.com\/index.php?rest_route=\/wp\/v2\/posts\/21239\/revisions"}],"predecessor-version":[{"id":21240,"href":"https:\/\/xn--huracnpolmicocancnquintanaroo-knc6wmu.com\/index.php?rest_route=\/wp\/v2\/posts\/21239\/revisions\/21240"}],"wp:featuredmedia":[{"embeddable":true,"href":"https:\/\/xn--huracnpolmicocancnquintanaroo-knc6wmu.com\/index.php?rest_route=\/wp\/v2\/media\/21241"}],"wp:attachment":[{"href":"https:\/\/xn--huracnpolmicocancnquintanaroo-knc6wmu.com\/index.php?rest_route=%2Fwp%2Fv2%2Fmedia&parent=21239"}],"wp:term":[{"taxonomy":"category","embeddable":true,"href":"https:\/\/xn--huracnpolmicocancnquintanaroo-knc6wmu.com\/index.php?rest_route=%2Fwp%2Fv2%2Fcategories&post=21239"},{"taxonomy":"post_tag","embeddable":true,"href":"https:\/\/xn--huracnpolmicocancnquintanaroo-knc6wmu.com\/index.php?rest_route=%2Fwp%2Fv2%2Ftags&post=21239"}],"curies":[{"name":"wp","href":"https:\/\/api.w.org\/{rel}","templated":true}]}}