{"id":21247,"date":"2024-02-27T09:24:35","date_gmt":"2024-02-27T14:24:35","guid":{"rendered":"https:\/\/xn--huracnpolmicocancnquintanaroo-knc6wmu.com\/?p=21247"},"modified":"2024-02-27T14:24:36","modified_gmt":"2024-02-27T14:24:36","slug":"alberth-elis-empieza-a-salir-del-coma-tras-haber-sido-intervenido-quirurgicamente","status":"publish","type":"post","link":"https:\/\/xn--huracnpolmicocancnquintanaroo-knc6wmu.com\/?p=21247","title":{"rendered":"Alberth Elis empieza a salir del coma tras haber sido intervenido quir\u00fargicamente"},"content":{"rendered":"<p>El futbolista hondure\u00f1o Alberth Elis, muestra signos alentadores de recuperaci\u00f3n luego de ser sometido a una cirug\u00eda de emergencia debido a una grave lesi\u00f3n en la cabeza sufrida durante un partido contra el Guingamp.<\/p>\n<p>El incidente ocurri\u00f3 apenas 40 segundos despu\u00e9s del inicio del partido, cuando Elis choc\u00f3 con la cabeza del defensor del Guingamp, Donatien Gomis, mientras intentaba conectar un centro. Aunque Gomis se recuper\u00f3 r\u00e1pidamente, Elis qued\u00f3 inconsciente y necesit\u00f3 atenci\u00f3n m\u00e9dica urgente en el campo antes de ser evacuado.<\/p>\n<p>La cirug\u00eda, realizada la noche del s\u00e1bado, ha sido un \u00e9xito seg\u00fan informes de la prensa francesa, ya hora comienza la recuperaci\u00f3n del delantero, quien fue inducido a un coma para proteger su bienestar tras el accidente.<\/p>\n<p>Reportes recientes indican que Elis est\u00e1 mostrando una reacci\u00f3n favorable despu\u00e9s de la operaci\u00f3n. Los neur\u00f3logos a cargo de su caso han decidido reducir la dosis de sedantes con la que comenz\u00f3 desde el d\u00eda del golpe. Se ha comunicado a los padres del futbolista que podr\u00e1n hablar con su hijo en las pr\u00f3ximas 48 horas, lo que representa un importante paso en su recuperaci\u00f3n.<\/p>\n<p>Para descartar posibles secuelas del impacto en su cerebro, se llevar\u00e1n a cabo evaluaciones este lunes. Se espera que, si los resultados son favorables, Elis pueda ser dado de alta pronto y comenzar el proceso de fisioterapia para completar su recuperaci\u00f3n.<\/p>\n","protected":false},"excerpt":{"rendered":"<p>El futbolista hondure\u00f1o Alberth Elis, muestra signos alentadores de recuperaci\u00f3n luego de ser sometido a&#8230;<\/p>\n","protected":false},"author":1,"featured_media":21249,"comment_status":"open","ping_status":"closed","sticky":false,"template":"","format":"standard","meta":{"footnotes":""},"categories":[6],"tags":[],"class_list":["post-21247","post","type-post","status-publish","format-standard","has-post-thumbnail","hentry","category-deportes"],"_links":{"self":[{"href":"https:\/\/xn--huracnpolmicocancnquintanaroo-knc6wmu.com\/index.php?rest_route=\/wp\/v2\/posts\/21247","targetHints":{"allow":["GET"]}}],"collection":[{"href":"https:\/\/xn--huracnpolmicocancnquintanaroo-knc6wmu.com\/index.php?rest_route=\/wp\/v2\/posts"}],"about":[{"href":"https:\/\/xn--huracnpolmicocancnquintanaroo-knc6wmu.com\/index.php?rest_route=\/wp\/v2\/types\/post"}],"author":[{"embeddable":true,"href":"https:\/\/xn--huracnpolmicocancnquintanaroo-knc6wmu.com\/index.php?rest_route=\/wp\/v2\/users\/1"}],"replies":[{"embeddable":true,"href":"https:\/\/xn--huracnpolmicocancnquintanaroo-knc6wmu.com\/index.php?rest_route=%2Fwp%2Fv2%2Fcomments&post=21247"}],"version-history":[{"count":1,"href":"https:\/\/xn--huracnpolmicocancnquintanaroo-knc6wmu.com\/index.php?rest_route=\/wp\/v2\/posts\/21247\/revisions"}],"predecessor-version":[{"id":21248,"href":"https:\/\/xn--huracnpolmicocancnquintanaroo-knc6wmu.com\/index.php?rest_route=\/wp\/v2\/posts\/21247\/revisions\/21248"}],"wp:featuredmedia":[{"embeddable":true,"href":"https:\/\/xn--huracnpolmicocancnquintanaroo-knc6wmu.com\/index.php?rest_route=\/wp\/v2\/media\/21249"}],"wp:attachment":[{"href":"https:\/\/xn--huracnpolmicocancnquintanaroo-knc6wmu.com\/index.php?rest_route=%2Fwp%2Fv2%2Fmedia&parent=21247"}],"wp:term":[{"taxonomy":"category","embeddable":true,"href":"https:\/\/xn--huracnpolmicocancnquintanaroo-knc6wmu.com\/index.php?rest_route=%2Fwp%2Fv2%2Fcategories&post=21247"},{"taxonomy":"post_tag","embeddable":true,"href":"https:\/\/xn--huracnpolmicocancnquintanaroo-knc6wmu.com\/index.php?rest_route=%2Fwp%2Fv2%2Ftags&post=21247"}],"curies":[{"name":"wp","href":"https:\/\/api.w.org\/{rel}","templated":true}]}}