{"id":21281,"date":"2024-02-29T10:33:21","date_gmt":"2024-02-29T15:33:21","guid":{"rendered":"https:\/\/xn--huracnpolmicocancnquintanaroo-knc6wmu.com\/?p=21281"},"modified":"2024-02-29T15:33:22","modified_gmt":"2024-02-29T15:33:22","slug":"festival-cervantino-tendra-a-brasil-y-oaxaca-como-invitados-especiales","status":"publish","type":"post","link":"https:\/\/xn--huracnpolmicocancnquintanaroo-knc6wmu.com\/?p=21281","title":{"rendered":"Festival Cervantino tendr\u00e1 a Brasil y Oaxaca como invitados especiales"},"content":{"rendered":"<p>El Festival Cervantino, uno de los eventos culturales m\u00e1s importantes de M\u00e9xico, contar\u00e1 con Brasil como pa\u00eds invitado para su edici\u00f3n n\u00famero 52, que se celebrar\u00e1 del 11 al 27 de octubre en Guanajuato.<\/p>\n<p>Adem\u00e1s, el estado mexicano invitado ser\u00e1 Oaxaca, cuyo gobernador, Salom\u00f3n Jara, estuvo presente la conferencia de prensa realizada en el Auditorio Nacional de Ciudad de M\u00e9xico.<\/p>\n<p>Fernando Estellita Lins de Salvo Coimbra, embajador de Brasil en M\u00e9xico, se\u00f1al\u00f3 que es \u201cun privilegio\u201d que su pa\u00eds sea invitado del Cervantino, donde esperan mostrar lo mejor de su cultura.<\/p>\n<p>\u201cBrasil y M\u00e9xico comparten muchas caracter\u00edsticas, entre ellas un fuerte sentimiento de orgullo en relaci\u00f3n con sus propias culturas. Vamos justamente a mostrar estos lazos, que nos unen tambi\u00e9n en t\u00e9rminos de nuestra herencia\u201d, precis\u00f3.<\/p>\n<p>Record\u00f3 que la relaci\u00f3n bilateral pasa por un momento \u201cmuy especial\u201d y la convergencia pol\u00edtica favorece un acercamiento \u201cm\u00e1s fruct\u00edfero\u201d.<\/p>\n<p>\u201cSer\u00e1 un privilegio acercar m\u00e1s al p\u00fablico mexicano a las actividades culturales. Es especial compartir este honor con Oaxaca\u201d, apunt\u00f3.<\/p>\n<p>Jara dijo que el estado est\u00e1 preparado para participar en el Festival Cervantino, al resaltar que el evento servir\u00e1 para mostrar la diversidad cultural de Oaxaca, \u201cla mayor\u201d de M\u00e9xico.<\/p>\n<p>En tanto, la secretaria de Cultura de M\u00e9xico, Alejandra Frausto, coment\u00f3 que \u201cla cultura es capaz de transformarlo todo, de unir lo que en otros terrenos se divide y transformar la realidad de los lugares que m\u00e1s duelen\u201d.<\/p>\n<p>Se\u00f1al\u00f3 que la cultura ha hecho un \u201ccambio muy profundo\u201d y agradeci\u00f3 al gobernador de Guanajuato, Diego Sinuh\u00e9 Rodr\u00edguez, por los esfuerzos invertidos en la cultura y el festival, el mayor de artes esc\u00e9nicas de Iberoam\u00e9rica.<\/p>\n<p>\u201cEste a\u00f1o Guanajuato se vuelve a llenar de lo que siempre se ha llamado la fiesta del esp\u00edritu y a m\u00ed me gusta llamarlo la fiesta de la libertad, porque no existe un mejor camino para la libertad que el arte, que la cultura y as\u00ed, en arte, en libertad, comenz\u00f3 el Cervantino\u201d, a\u00f1adi\u00f3 Frausto.<\/p>\n<p>\u201cSon invitados de lujo y eso nos emociona mucho\u201d, agreg\u00f3 Mariana Aymerich, directora del festival.<\/p>\n<p>Record\u00f3 que este jueves difundir\u00e1n la convocatoria para dise\u00f1ar la imagen del Cervantino abierta a estudiantes de las universidades de Guanajuato.<\/p>\n<p>En 2023, cuando se celebr\u00f3 la edici\u00f3n 51 del festival, los invitados fueron Estados Unidos y Sonora, junto a los que se present\u00f3 un calendario de actividades que durante 18 d\u00edas llenaron Guanajuato de disciplinas como danza, m\u00fasica, literatura y teatro, entre otras.<\/p>\n","protected":false},"excerpt":{"rendered":"<p>El Festival Cervantino, uno de los eventos culturales m\u00e1s importantes de M\u00e9xico, contar\u00e1 con Brasil&#8230;<\/p>\n","protected":false},"author":1,"featured_media":21283,"comment_status":"open","ping_status":"closed","sticky":false,"template":"","format":"standard","meta":{"footnotes":""},"categories":[9],"tags":[],"class_list":["post-21281","post","type-post","status-publish","format-standard","has-post-thumbnail","hentry","category-espectaculos"],"_links":{"self":[{"href":"https:\/\/xn--huracnpolmicocancnquintanaroo-knc6wmu.com\/index.php?rest_route=\/wp\/v2\/posts\/21281","targetHints":{"allow":["GET"]}}],"collection":[{"href":"https:\/\/xn--huracnpolmicocancnquintanaroo-knc6wmu.com\/index.php?rest_route=\/wp\/v2\/posts"}],"about":[{"href":"https:\/\/xn--huracnpolmicocancnquintanaroo-knc6wmu.com\/index.php?rest_route=\/wp\/v2\/types\/post"}],"author":[{"embeddable":true,"href":"https:\/\/xn--huracnpolmicocancnquintanaroo-knc6wmu.com\/index.php?rest_route=\/wp\/v2\/users\/1"}],"replies":[{"embeddable":true,"href":"https:\/\/xn--huracnpolmicocancnquintanaroo-knc6wmu.com\/index.php?rest_route=%2Fwp%2Fv2%2Fcomments&post=21281"}],"version-history":[{"count":1,"href":"https:\/\/xn--huracnpolmicocancnquintanaroo-knc6wmu.com\/index.php?rest_route=\/wp\/v2\/posts\/21281\/revisions"}],"predecessor-version":[{"id":21282,"href":"https:\/\/xn--huracnpolmicocancnquintanaroo-knc6wmu.com\/index.php?rest_route=\/wp\/v2\/posts\/21281\/revisions\/21282"}],"wp:featuredmedia":[{"embeddable":true,"href":"https:\/\/xn--huracnpolmicocancnquintanaroo-knc6wmu.com\/index.php?rest_route=\/wp\/v2\/media\/21283"}],"wp:attachment":[{"href":"https:\/\/xn--huracnpolmicocancnquintanaroo-knc6wmu.com\/index.php?rest_route=%2Fwp%2Fv2%2Fmedia&parent=21281"}],"wp:term":[{"taxonomy":"category","embeddable":true,"href":"https:\/\/xn--huracnpolmicocancnquintanaroo-knc6wmu.com\/index.php?rest_route=%2Fwp%2Fv2%2Fcategories&post=21281"},{"taxonomy":"post_tag","embeddable":true,"href":"https:\/\/xn--huracnpolmicocancnquintanaroo-knc6wmu.com\/index.php?rest_route=%2Fwp%2Fv2%2Ftags&post=21281"}],"curies":[{"name":"wp","href":"https:\/\/api.w.org\/{rel}","templated":true}]}}