{"id":21284,"date":"2024-02-29T11:07:21","date_gmt":"2024-02-29T16:07:21","guid":{"rendered":"https:\/\/xn--huracnpolmicocancnquintanaroo-knc6wmu.com\/?p=21284"},"modified":"2024-02-29T16:07:23","modified_gmt":"2024-02-29T16:07:23","slug":"tribunal-supremo-espanol-abre-un-proceso-por-terrorismo-contra-expresidente-catalan-carles-puigdemon","status":"publish","type":"post","link":"https:\/\/xn--huracnpolmicocancnquintanaroo-knc6wmu.com\/?p=21284","title":{"rendered":"Tribunal Supremo espa\u00f1ol abre un proceso por terrorismo contra expresidente catal\u00e1n Carles Puigdemon"},"content":{"rendered":"<p>Madrid.- El Tribunal Supremo espa\u00f1ol acord\u00f3 abrir una causa para investigar al expresidente catal\u00e1n, Carles Puigdemont, huido de la Justicia espa\u00f1ola, por delitos de terrorismo.<\/p>\n<p>Seg\u00fan un auto conocido este jueves, la causa incluye tambi\u00e9n al diputado del Parlamento catal\u00e1n Rub\u00e9n Wagensberg, que igualmente reside fuera de Espa\u00f1a.<\/p>\n<p>La investigaci\u00f3n se dirige a acciones que se produjeron en 2019 durante las protestas del movimiento Tsunami Democr\u00e0tic contra una sentencia que conden\u00f3 a prisi\u00f3n a l\u00edderes independentistas, los cuales fueron luego indultados por el Gobierno espa\u00f1ol.<\/p>\n<p>Los magistrados concluyen, por unanimidad, que para estos dos aforados, pues Puigdemont es ahora eurodiputado, es &#8220;necesario y pertinente que sean llamados al procedimiento, a fin de ser o\u00eddos como investigados, con todos los derechos y garant\u00edas previstas en nuestro ordenamiento jur\u00eddico&#8221;.<\/p>\n<p>Esta diligencia solo puede practicarla el Supremo por tratarse de aforados, es decir, personas que por condici\u00f3n de su cargo no pueden ser juzgadas por tribunales ordinarios sino por otros como en este caso el alto tribunal espa\u00f1ol.<\/p>\n<p>El Supremo, que designa como instructora a la magistrada Susana Polo, no duda de que los hechos que se imputan a Tsunami Democr\u00e0tic, como el bloqueo durante varias horas por grupos de manifestantes del aeropuerto internacional de Barcelona, corresponden a un delito de terrorismo.<\/p>\n<p>El alto tribunal adopta esta decisi\u00f3n despu\u00e9s de analizar la exposici\u00f3n razonada del magistrado de la Audiencia Nacional espa\u00f1ola Manuel Garc\u00eda-Castell\u00f3n sobre los indicios que a su juicio acreditan la participaci\u00f3n de Puigdemont y Wagensberg en los hechos investigados.<\/p>\n<p>Sin embargo, declara falta de competencia para investigar a los otros diez encausados que no son aforadas.<\/p>\n<p>La decisi\u00f3n del Supremo se produce mientras en el Parlamento espa\u00f1ol se tramita una ley para amnistiar a independentistas catalanes que podr\u00eda incluir delitos de terrorismo, lo que exige el partido de Puigdemont, Junts, para mantener su apoyo parlamentario al Gobierno de izquierda que encabeza el socialista Pedro S\u00e1nchez.<\/p>\n<p>Puigdemont era presidente del Gobierno regional de Catalu\u00f1a cuando se produjo en 2017 la declaraci\u00f3n unilateral de independencia, tras lo que huy\u00f3 a B\u00e9lgica, mientras que Wagensberg, de partido independentista Esquerra Republicana de Catalu\u00f1a, se fue el pasado enero a Suiza alegando que desde all\u00ed puede preparar mejor su defensa.<\/p>\n","protected":false},"excerpt":{"rendered":"<p>Madrid.- El Tribunal Supremo espa\u00f1ol acord\u00f3 abrir una causa para investigar al expresidente catal\u00e1n, Carles&#8230;<\/p>\n","protected":false},"author":1,"featured_media":21286,"comment_status":"open","ping_status":"closed","sticky":false,"template":"","format":"standard","meta":{"footnotes":""},"categories":[11],"tags":[],"class_list":["post-21284","post","type-post","status-publish","format-standard","has-post-thumbnail","hentry","category-internacional"],"_links":{"self":[{"href":"https:\/\/xn--huracnpolmicocancnquintanaroo-knc6wmu.com\/index.php?rest_route=\/wp\/v2\/posts\/21284","targetHints":{"allow":["GET"]}}],"collection":[{"href":"https:\/\/xn--huracnpolmicocancnquintanaroo-knc6wmu.com\/index.php?rest_route=\/wp\/v2\/posts"}],"about":[{"href":"https:\/\/xn--huracnpolmicocancnquintanaroo-knc6wmu.com\/index.php?rest_route=\/wp\/v2\/types\/post"}],"author":[{"embeddable":true,"href":"https:\/\/xn--huracnpolmicocancnquintanaroo-knc6wmu.com\/index.php?rest_route=\/wp\/v2\/users\/1"}],"replies":[{"embeddable":true,"href":"https:\/\/xn--huracnpolmicocancnquintanaroo-knc6wmu.com\/index.php?rest_route=%2Fwp%2Fv2%2Fcomments&post=21284"}],"version-history":[{"count":1,"href":"https:\/\/xn--huracnpolmicocancnquintanaroo-knc6wmu.com\/index.php?rest_route=\/wp\/v2\/posts\/21284\/revisions"}],"predecessor-version":[{"id":21285,"href":"https:\/\/xn--huracnpolmicocancnquintanaroo-knc6wmu.com\/index.php?rest_route=\/wp\/v2\/posts\/21284\/revisions\/21285"}],"wp:featuredmedia":[{"embeddable":true,"href":"https:\/\/xn--huracnpolmicocancnquintanaroo-knc6wmu.com\/index.php?rest_route=\/wp\/v2\/media\/21286"}],"wp:attachment":[{"href":"https:\/\/xn--huracnpolmicocancnquintanaroo-knc6wmu.com\/index.php?rest_route=%2Fwp%2Fv2%2Fmedia&parent=21284"}],"wp:term":[{"taxonomy":"category","embeddable":true,"href":"https:\/\/xn--huracnpolmicocancnquintanaroo-knc6wmu.com\/index.php?rest_route=%2Fwp%2Fv2%2Fcategories&post=21284"},{"taxonomy":"post_tag","embeddable":true,"href":"https:\/\/xn--huracnpolmicocancnquintanaroo-knc6wmu.com\/index.php?rest_route=%2Fwp%2Fv2%2Ftags&post=21284"}],"curies":[{"name":"wp","href":"https:\/\/api.w.org\/{rel}","templated":true}]}}