{"id":21309,"date":"2024-03-03T13:40:15","date_gmt":"2024-03-03T18:40:15","guid":{"rendered":"https:\/\/xn--huracnpolmicocancnquintanaroo-knc6wmu.com\/?p=21309"},"modified":"2024-03-03T18:40:16","modified_gmt":"2024-03-03T18:40:16","slug":"activistas-climaticos-pegan-carteles-en-la-primavera-de-botticelli","status":"publish","type":"post","link":"https:\/\/xn--huracnpolmicocancnquintanaroo-knc6wmu.com\/?p=21309","title":{"rendered":"Activistas clim\u00e1ticos pegan carteles en \u201cLa Primavera\u201d de Botticelli"},"content":{"rendered":"<p>Activistas del colectivo ecologista italiano \u201cUltima Generazione\u201d pegaron carteles reivindicativos sobre la mampara que protege el cuadro de \u201cLa Primavera\u201d de Sandro Botticelli en la Galer\u00eda de los Uffizi de Florencia.<\/p>\n<p>Los activistas pegaron en el cristal de la obra maestra fotos de inundaciones vividas en Italia para pedir, seg\u00fan explican en sus redes sociales, un Fondo de Reparaci\u00f3n \u201cpreventivo y permanente\u201d de 20 mil millones de euros para reparar los estragos de la crisis clim\u00e1tica.<\/p>\n<p>La protesta dur\u00f3 unos instantes, hasta la llegada de la polic\u00eda, seg\u00fan avanzan los medios locales.<br \/>\nHace diez d\u00edas, los activistas de esta misma organizaci\u00f3n llevaron a cabo una acci\u00f3n similar al pegar cinta adhesiva y fotos al cristal que cubre la \u201cVenus\u201d de Botticelli, uno de los cuadros m\u00e1s famosos del Renacimiento florentino y del mundo.<\/p>\n<p>Agentes de los Carabineros detuvieron a dos activistas por aquel entonces..<\/p>\n<p>El pasado 18 de enero el Parlamento italiano adopt\u00f3 una ley por la que los autores de actos vand\u00e1licos contra obras de arte, monumentos o bienes del patrimonio cultural ser\u00e1n castigados con multas de hasta 60 mil euros, adem\u00e1s de con sanciones penales.<\/p>\n<p>La norma fue impulsada por el ministro de Cultura, Gennaro Sangiuliano, para combatir en particular las protestas de los activistas clim\u00e1ticos.<\/p>\n","protected":false},"excerpt":{"rendered":"<p>Activistas del colectivo ecologista italiano \u201cUltima Generazione\u201d pegaron carteles reivindicativos sobre la mampara que protege&#8230;<\/p>\n","protected":false},"author":1,"featured_media":21311,"comment_status":"open","ping_status":"closed","sticky":false,"template":"","format":"standard","meta":{"footnotes":""},"categories":[11],"tags":[],"class_list":["post-21309","post","type-post","status-publish","format-standard","has-post-thumbnail","hentry","category-internacional"],"_links":{"self":[{"href":"https:\/\/xn--huracnpolmicocancnquintanaroo-knc6wmu.com\/index.php?rest_route=\/wp\/v2\/posts\/21309","targetHints":{"allow":["GET"]}}],"collection":[{"href":"https:\/\/xn--huracnpolmicocancnquintanaroo-knc6wmu.com\/index.php?rest_route=\/wp\/v2\/posts"}],"about":[{"href":"https:\/\/xn--huracnpolmicocancnquintanaroo-knc6wmu.com\/index.php?rest_route=\/wp\/v2\/types\/post"}],"author":[{"embeddable":true,"href":"https:\/\/xn--huracnpolmicocancnquintanaroo-knc6wmu.com\/index.php?rest_route=\/wp\/v2\/users\/1"}],"replies":[{"embeddable":true,"href":"https:\/\/xn--huracnpolmicocancnquintanaroo-knc6wmu.com\/index.php?rest_route=%2Fwp%2Fv2%2Fcomments&post=21309"}],"version-history":[{"count":1,"href":"https:\/\/xn--huracnpolmicocancnquintanaroo-knc6wmu.com\/index.php?rest_route=\/wp\/v2\/posts\/21309\/revisions"}],"predecessor-version":[{"id":21310,"href":"https:\/\/xn--huracnpolmicocancnquintanaroo-knc6wmu.com\/index.php?rest_route=\/wp\/v2\/posts\/21309\/revisions\/21310"}],"wp:featuredmedia":[{"embeddable":true,"href":"https:\/\/xn--huracnpolmicocancnquintanaroo-knc6wmu.com\/index.php?rest_route=\/wp\/v2\/media\/21311"}],"wp:attachment":[{"href":"https:\/\/xn--huracnpolmicocancnquintanaroo-knc6wmu.com\/index.php?rest_route=%2Fwp%2Fv2%2Fmedia&parent=21309"}],"wp:term":[{"taxonomy":"category","embeddable":true,"href":"https:\/\/xn--huracnpolmicocancnquintanaroo-knc6wmu.com\/index.php?rest_route=%2Fwp%2Fv2%2Fcategories&post=21309"},{"taxonomy":"post_tag","embeddable":true,"href":"https:\/\/xn--huracnpolmicocancnquintanaroo-knc6wmu.com\/index.php?rest_route=%2Fwp%2Fv2%2Ftags&post=21309"}],"curies":[{"name":"wp","href":"https:\/\/api.w.org\/{rel}","templated":true}]}}