{"id":21336,"date":"2024-03-05T12:12:47","date_gmt":"2024-03-05T17:12:47","guid":{"rendered":"https:\/\/xn--huracnpolmicocancnquintanaroo-knc6wmu.com\/?p=21336"},"modified":"2024-03-05T17:12:48","modified_gmt":"2024-03-05T17:12:48","slug":"amlo-rechaza-polemizar-con-la-iglesia-catolica-ante-sus-reclamos-de-seguridad-en-mexico","status":"publish","type":"post","link":"https:\/\/xn--huracnpolmicocancnquintanaroo-knc6wmu.com\/?p=21336","title":{"rendered":"AMLO rechaza \u201cpolemizar\u201d con la Iglesia cat\u00f3lica ante sus reclamos de seguridad en M\u00e9xico"},"content":{"rendered":"<p>El presidente mexicano, Andr\u00e9s Manuel L\u00f3pez Obrador, rechaz\u00f3 este martes \u201cpolemizar\u201d con la Iglesia cat\u00f3lica tras un pronunciamiento en el que advirti\u00f3 de riesgos al Estado de derecho ante las elecciones del 2 de junio y mientras l\u00edderes religiosos negocian una tregua con grupos criminales.<\/p>\n<p>Vivimos en un pa\u00eds libre y no se limita a nadie su derecho a expresarse, a manifestarse, a reunirse, a asociarse, y llevamos muy buena relaci\u00f3n con la Iglesia cat\u00f3lica y con todas las iglesias, y no vamos nosotros a polemizar con las iglesias porque tambi\u00e9n eso podr\u00eda ser una estrategia de los publicistas\u201d, expres\u00f3.<\/p>\n<p>El mandatario se refiri\u00f3 en su conferencia matutina al inusual posicionamiento de la Conferencia del Episcopado Mexicano (CEM), que el domingo invit\u00f3 a la gente a votar en los comicios al advertir de que \u201cel reto mayor est\u00e1 en hacer valer y vivir en un verdadero Estado de derecho\u201d.<\/p>\n<p>\u201cPor el bien de M\u00e9xico, primero la democracia y el Estado de derecho\u201d, indic\u00f3 en el comunicado, que despert\u00f3 controversia porque la Constituci\u00f3n restringe la intervenci\u00f3n de l\u00edderes religiosos en la pol\u00edtica.<br \/>\nL\u00f3pez Obrador manifest\u00f3 su \u201crespeto\u201d, aunque durante su mandato ha chocado con la Iglesia cat\u00f3lica mexicana, a la que acus\u00f3 el a\u00f1o pasado de apoyar \u201cal bloque conservador\u201d y antes ha criticado por no expresar la ideolog\u00eda a favor de los pobres y contra el neoliberalismo que \u00e9l dice admirar del papa Francisco.<\/p>\n<p>\u201cEstoy de acuerdo en que, por el bien de todos, primero la democracia, porque es por el bien de todos primero el pueblo, la democracia es el pueblo. Y lo otro, aunque no estoy de acuerdo en que vaya a haber un retroceso democr\u00e1tico, respeto ese punto de vista\u201d, se\u00f1al\u00f3.<\/p>\n<p>La Iglesia cat\u00f3lica mexicana pidi\u00f3 tambi\u00e9n el lunes a los candidatos presidenciales firmar el 11 de marzo en Ciudad de M\u00e9xico el \u2018Compromiso nacional por la paz\u2019.<\/p>\n<p>La tensi\u00f3n entre l\u00edderes religiosos y el crimen organizado ha crecido este a\u00f1o en M\u00e9xico, donde en febrero la violencia oblig\u00f3 a iglesias cristianas a cerrar en al menos 10 municipios de Chiapas, estado de la frontera sur de M\u00e9xico.<\/p>\n<p>Tambi\u00e9n en febrero trascendi\u00f3 una negociaci\u00f3n de paz entre la Iglesia cat\u00f3lica con grupos narcotraficantes en el estado de Guerrero, que vive una ola de violencia del crimen organizado.<\/p>\n<p>Pese a las cr\u00edticas de funcionarios del Gobierno de Guerrero, el mandatario consider\u00f3 que estos pactos no est\u00e1n fuera de la ley.<\/p>\n<p>\u201cNo (est\u00e1n fuera de la ley), cada quien es responsable de sus actos y como vivimos, lo repito, en una sociedad con un pueblo muy consciente, le dejamos a los ciudadanos que resuelvan de acuerdo a su criterio\u201d, coment\u00f3.<\/p>\n","protected":false},"excerpt":{"rendered":"<p>El presidente mexicano, Andr\u00e9s Manuel L\u00f3pez Obrador, rechaz\u00f3 este martes \u201cpolemizar\u201d con la Iglesia cat\u00f3lica&#8230;<\/p>\n","protected":false},"author":1,"featured_media":21338,"comment_status":"open","ping_status":"closed","sticky":false,"template":"","format":"standard","meta":{"footnotes":""},"categories":[12],"tags":[],"class_list":["post-21336","post","type-post","status-publish","format-standard","has-post-thumbnail","hentry","category-nacional"],"_links":{"self":[{"href":"https:\/\/xn--huracnpolmicocancnquintanaroo-knc6wmu.com\/index.php?rest_route=\/wp\/v2\/posts\/21336","targetHints":{"allow":["GET"]}}],"collection":[{"href":"https:\/\/xn--huracnpolmicocancnquintanaroo-knc6wmu.com\/index.php?rest_route=\/wp\/v2\/posts"}],"about":[{"href":"https:\/\/xn--huracnpolmicocancnquintanaroo-knc6wmu.com\/index.php?rest_route=\/wp\/v2\/types\/post"}],"author":[{"embeddable":true,"href":"https:\/\/xn--huracnpolmicocancnquintanaroo-knc6wmu.com\/index.php?rest_route=\/wp\/v2\/users\/1"}],"replies":[{"embeddable":true,"href":"https:\/\/xn--huracnpolmicocancnquintanaroo-knc6wmu.com\/index.php?rest_route=%2Fwp%2Fv2%2Fcomments&post=21336"}],"version-history":[{"count":1,"href":"https:\/\/xn--huracnpolmicocancnquintanaroo-knc6wmu.com\/index.php?rest_route=\/wp\/v2\/posts\/21336\/revisions"}],"predecessor-version":[{"id":21337,"href":"https:\/\/xn--huracnpolmicocancnquintanaroo-knc6wmu.com\/index.php?rest_route=\/wp\/v2\/posts\/21336\/revisions\/21337"}],"wp:featuredmedia":[{"embeddable":true,"href":"https:\/\/xn--huracnpolmicocancnquintanaroo-knc6wmu.com\/index.php?rest_route=\/wp\/v2\/media\/21338"}],"wp:attachment":[{"href":"https:\/\/xn--huracnpolmicocancnquintanaroo-knc6wmu.com\/index.php?rest_route=%2Fwp%2Fv2%2Fmedia&parent=21336"}],"wp:term":[{"taxonomy":"category","embeddable":true,"href":"https:\/\/xn--huracnpolmicocancnquintanaroo-knc6wmu.com\/index.php?rest_route=%2Fwp%2Fv2%2Fcategories&post=21336"},{"taxonomy":"post_tag","embeddable":true,"href":"https:\/\/xn--huracnpolmicocancnquintanaroo-knc6wmu.com\/index.php?rest_route=%2Fwp%2Fv2%2Ftags&post=21336"}],"curies":[{"name":"wp","href":"https:\/\/api.w.org\/{rel}","templated":true}]}}