{"id":21645,"date":"2024-03-26T10:55:00","date_gmt":"2024-03-26T15:55:00","guid":{"rendered":"https:\/\/xn--huracnpolmicocancnquintanaroo-knc6wmu.com\/?p=21645"},"modified":"2024-03-26T15:55:02","modified_gmt":"2024-03-26T15:55:02","slug":"congreso-de-guerrero-envia-a-gobernadora-evelyn-salgado-lista-de-aspirantes-a-titular-de-la-fge","status":"publish","type":"post","link":"https:\/\/xn--huracnpolmicocancnquintanaroo-knc6wmu.com\/?p=21645","title":{"rendered":"Congreso de Guerrero env\u00eda a gobernadora Evelyn Salgado lista de aspirantes a titular de la FGE"},"content":{"rendered":"<p>El Congreso de Guerrero envi\u00f3 el lunes a la gobernadora de la entidad, Evelyn Salgado Pineda, la lista con los 32 aspirantes a ocupar la Fiscal\u00eda General del Estado.<\/p>\n<p>Salgado Pineda deber\u00e1 depurar esta lista y formular una terna para ponerla a consideraci\u00f3n del Congreso estatal, para la correspondiente designaci\u00f3n del o la titular.<\/p>\n<p>Los finalistas comparecer\u00e1n ante el Poder Legislativo local y presentar\u00e1n sus proyectos.<\/p>\n<p>En el documento, la Junta de Coordinaci\u00f3n Pol\u00edtica (Jucopo) del Congreso de Guerrero indic\u00f3 que se procedi\u00f3 al an\u00e1lisis de la documentaci\u00f3n de cada profesionista aspirante, y considera que todos cumplen con los requisitos exigidos por la Constituci\u00f3n Pol\u00edtica local para ser fiscal general del estado, adem\u00e1s de la manifestaci\u00f3n bajo protesta de decir verdad de someterse a las evaluaciones de control y confianza que se requieran para el desempe\u00f1o del encargo.<\/p>\n<p>Hace unas semanas, la gobernadora Evelyn Salgado Pineda solicit\u00f3 la remoci\u00f3n de Valdovinos Salmer\u00f3n ante la falta de actualizaci\u00f3n en los ex\u00e1menes de control en la Fiscal\u00eda y las \u201comisiones graves\u201d en el caso del asesinato del joven normalista de Ayotzinapa.<\/p>\n<p>El Congreso de Guerrero aprob\u00f3 el pasado 19 de marzo la convocatoria para designar un nuevo titular en la Fiscal\u00eda General del Estado (FGE) tras la remoci\u00f3n de Valdovinos Salmer\u00f3n.<\/p>\n","protected":false},"excerpt":{"rendered":"<p>El Congreso de Guerrero envi\u00f3 el lunes a la gobernadora de la entidad, Evelyn Salgado&#8230;<\/p>\n","protected":false},"author":1,"featured_media":21647,"comment_status":"open","ping_status":"closed","sticky":false,"template":"","format":"standard","meta":{"footnotes":""},"categories":[12],"tags":[],"class_list":["post-21645","post","type-post","status-publish","format-standard","has-post-thumbnail","hentry","category-nacional"],"_links":{"self":[{"href":"https:\/\/xn--huracnpolmicocancnquintanaroo-knc6wmu.com\/index.php?rest_route=\/wp\/v2\/posts\/21645","targetHints":{"allow":["GET"]}}],"collection":[{"href":"https:\/\/xn--huracnpolmicocancnquintanaroo-knc6wmu.com\/index.php?rest_route=\/wp\/v2\/posts"}],"about":[{"href":"https:\/\/xn--huracnpolmicocancnquintanaroo-knc6wmu.com\/index.php?rest_route=\/wp\/v2\/types\/post"}],"author":[{"embeddable":true,"href":"https:\/\/xn--huracnpolmicocancnquintanaroo-knc6wmu.com\/index.php?rest_route=\/wp\/v2\/users\/1"}],"replies":[{"embeddable":true,"href":"https:\/\/xn--huracnpolmicocancnquintanaroo-knc6wmu.com\/index.php?rest_route=%2Fwp%2Fv2%2Fcomments&post=21645"}],"version-history":[{"count":1,"href":"https:\/\/xn--huracnpolmicocancnquintanaroo-knc6wmu.com\/index.php?rest_route=\/wp\/v2\/posts\/21645\/revisions"}],"predecessor-version":[{"id":21646,"href":"https:\/\/xn--huracnpolmicocancnquintanaroo-knc6wmu.com\/index.php?rest_route=\/wp\/v2\/posts\/21645\/revisions\/21646"}],"wp:featuredmedia":[{"embeddable":true,"href":"https:\/\/xn--huracnpolmicocancnquintanaroo-knc6wmu.com\/index.php?rest_route=\/wp\/v2\/media\/21647"}],"wp:attachment":[{"href":"https:\/\/xn--huracnpolmicocancnquintanaroo-knc6wmu.com\/index.php?rest_route=%2Fwp%2Fv2%2Fmedia&parent=21645"}],"wp:term":[{"taxonomy":"category","embeddable":true,"href":"https:\/\/xn--huracnpolmicocancnquintanaroo-knc6wmu.com\/index.php?rest_route=%2Fwp%2Fv2%2Fcategories&post=21645"},{"taxonomy":"post_tag","embeddable":true,"href":"https:\/\/xn--huracnpolmicocancnquintanaroo-knc6wmu.com\/index.php?rest_route=%2Fwp%2Fv2%2Ftags&post=21645"}],"curies":[{"name":"wp","href":"https:\/\/api.w.org\/{rel}","templated":true}]}}