{"id":2229,"date":"2021-02-04T21:21:33","date_gmt":"2021-02-04T21:21:33","guid":{"rendered":"http:\/\/whatsappcancun.com\/?p=2229"},"modified":"2021-02-04T21:21:33","modified_gmt":"2021-02-04T21:21:33","slug":"aguarda-mario-marin-llamado-del-juez-en-cereso-de-cancun","status":"publish","type":"post","link":"https:\/\/xn--huracnpolmicocancnquintanaroo-knc6wmu.com\/?p=2229","title":{"rendered":"Aguarda Mario Mar\u00edn llamado del Juez en Cereso de Canc\u00fan"},"content":{"rendered":"\n<p>Luego de ser ingresado al Centro de Reinserci\u00f3n Social (CERESO) de Canc\u00fan, el ex gobernador de Puebla, Mario Mar\u00edn deber\u00e1 de comparecer en las pr\u00f3ximas horas ante un Juez Federal para enfrentar un proceso por la tortura que denunci\u00f3 la periodista, Lydia Cacho, en otro de los episodios del esc\u00e1ndalo generado por el caso Jean Succar Kuri, de origen liban\u00e9s, sentenciado a 112 a\u00f1os de prisi\u00f3n por pornograf\u00eda infantil y abuso sexual.<\/p>\n\n\n\n<p>El ex mandatario estatal se vio involucrado en este asunto por la supuesta protecci\u00f3n que le brind\u00f3 al empresario liban\u00e9s, Kamel Nacif, quien se encuentra pr\u00f3fugo, para aprehender a Lydia Cacho por un proceso penal por difamaci\u00f3n ante un Juzgado de Puebla.<\/p>\n\n\n\n<p>Kamel Nacif, amigo de Succar Kuri, fue se\u00f1alado como parte de una red de pederastia en el libro Los Demonios del Ed\u00e9n, publicado por Lydia Cacho en el a\u00f1o 2005, en base al expediente iniciado por la entonces Procuradur\u00eda General de Justicia de Quintana Roo.<\/p>\n\n\n\n<p>De esta manera, el empresario Kamel Nacif, quien radicaba en Puebla, utiliz\u00f3 presuntamente sus influencias con el gobernador de ese entonces, Mario Mar\u00edn para iniciarle un proceso penal a Lydia Cacho por el delito de difamaci\u00f3n, lo que deriv\u00f3 en una orden de aprehensi\u00f3n en contra de la periodista.<\/p>\n\n\n\n<figure class=\"wp-block-image\"><img decoding=\"async\" src=\"https:\/\/i1.wp.com\/noticaribepeninsular.com.mx\/wp-content\/uploads\/2021\/02\/goberprecios-5.jpg?resize=660%2C495&amp;ssl=1\" alt=\"\" class=\"wp-image-577640\"\/><\/figure>\n\n\n\n<figure class=\"wp-block-image\"><img decoding=\"async\" src=\"https:\/\/i0.wp.com\/noticaribepeninsular.com.mx\/wp-content\/uploads\/2021\/02\/goberprecios-6.jpg?resize=660%2C371&amp;ssl=1\" alt=\"\" class=\"wp-image-577635\"\/><\/figure>\n\n\n\n<figure class=\"wp-block-image\"><img decoding=\"async\" src=\"https:\/\/i0.wp.com\/noticaribepeninsular.com.mx\/wp-content\/uploads\/2021\/02\/goberprecios-1.jpg?resize=660%2C444&amp;ssl=1\" alt=\"\" class=\"wp-image-577636\"\/><\/figure>\n\n\n\n<figure class=\"wp-block-image\"><img decoding=\"async\" src=\"https:\/\/i0.wp.com\/noticaribepeninsular.com.mx\/wp-content\/uploads\/2021\/02\/goberprecios-3.jpg?resize=660%2C371&amp;ssl=1\" alt=\"\" class=\"wp-image-577637\"\/><\/figure>\n\n\n\n<figure class=\"wp-block-image\"><img decoding=\"async\" src=\"https:\/\/i1.wp.com\/noticaribepeninsular.com.mx\/wp-content\/uploads\/2021\/02\/goberprecios-2.jpg?resize=660%2C371&amp;ssl=1\" alt=\"\" class=\"wp-image-577638\"\/><\/figure>\n\n\n\n<figure class=\"wp-block-image\"><img decoding=\"async\" src=\"https:\/\/i2.wp.com\/noticaribepeninsular.com.mx\/wp-content\/uploads\/2021\/02\/goberprecios-4.jpg?resize=660%2C468&amp;ssl=1\" alt=\"\" class=\"wp-image-577639\"\/><\/figure>\n\n\n\n<p>La aplicaci\u00f3n de esa orden se registr\u00f3 en Canc\u00fan y en medio de situaciones irregulares, Lydia Cacho fue trasladada v\u00eda terrestre por polic\u00edas de Puebla hasta esa entidad, trayecto en el que denunci\u00f3 haber sufrido tortura.<\/p>\n\n\n\n<p>Despu\u00e9s de la detenci\u00f3n se filtr\u00f3 una grabaci\u00f3n de una llamada telef\u00f3nica en la cual Kamel Nacif agradece a Mario Mar\u00edn su intervenci\u00f3n para encarcelar en Puebla a la periodista y lo menciona como: \u201cMi gober precioso\u201d.<\/p>\n\n\n\n<p>El ex gobernador de Puebla fue detenido la tarde del mi\u00e9rcoles en Acapulco en un operativo realizado por elementos de la Fiscal\u00eda General de la Rep\u00fablica, quienes lo trasladaron v\u00eda a\u00e9rea a Canc\u00fan.<\/p>\n\n\n\n<p>Mario Mar\u00edn ingres\u00f3 al CERESO de Canc\u00fan la madrugada de este jueves y deber\u00e1 de comparecer ante un Juez Federal.<\/p>\n","protected":false},"excerpt":{"rendered":"<p>Luego de ser ingresado al Centro de Reinserci\u00f3n Social (CERESO) de Canc\u00fan, el ex gobernador&#8230;<\/p>\n","protected":false},"author":1,"featured_media":2230,"comment_status":"open","ping_status":"open","sticky":false,"template":"","format":"standard","meta":{"footnotes":""},"categories":[2],"tags":[],"class_list":["post-2229","post","type-post","status-publish","format-standard","has-post-thumbnail","hentry","category-local"],"_links":{"self":[{"href":"https:\/\/xn--huracnpolmicocancnquintanaroo-knc6wmu.com\/index.php?rest_route=\/wp\/v2\/posts\/2229","targetHints":{"allow":["GET"]}}],"collection":[{"href":"https:\/\/xn--huracnpolmicocancnquintanaroo-knc6wmu.com\/index.php?rest_route=\/wp\/v2\/posts"}],"about":[{"href":"https:\/\/xn--huracnpolmicocancnquintanaroo-knc6wmu.com\/index.php?rest_route=\/wp\/v2\/types\/post"}],"author":[{"embeddable":true,"href":"https:\/\/xn--huracnpolmicocancnquintanaroo-knc6wmu.com\/index.php?rest_route=\/wp\/v2\/users\/1"}],"replies":[{"embeddable":true,"href":"https:\/\/xn--huracnpolmicocancnquintanaroo-knc6wmu.com\/index.php?rest_route=%2Fwp%2Fv2%2Fcomments&post=2229"}],"version-history":[{"count":0,"href":"https:\/\/xn--huracnpolmicocancnquintanaroo-knc6wmu.com\/index.php?rest_route=\/wp\/v2\/posts\/2229\/revisions"}],"wp:featuredmedia":[{"embeddable":true,"href":"https:\/\/xn--huracnpolmicocancnquintanaroo-knc6wmu.com\/index.php?rest_route=\/wp\/v2\/media\/2230"}],"wp:attachment":[{"href":"https:\/\/xn--huracnpolmicocancnquintanaroo-knc6wmu.com\/index.php?rest_route=%2Fwp%2Fv2%2Fmedia&parent=2229"}],"wp:term":[{"taxonomy":"category","embeddable":true,"href":"https:\/\/xn--huracnpolmicocancnquintanaroo-knc6wmu.com\/index.php?rest_route=%2Fwp%2Fv2%2Fcategories&post=2229"},{"taxonomy":"post_tag","embeddable":true,"href":"https:\/\/xn--huracnpolmicocancnquintanaroo-knc6wmu.com\/index.php?rest_route=%2Fwp%2Fv2%2Ftags&post=2229"}],"curies":[{"name":"wp","href":"https:\/\/api.w.org\/{rel}","templated":true}]}}