{"id":22748,"date":"2024-06-10T09:21:44","date_gmt":"2024-06-10T14:21:44","guid":{"rendered":"https:\/\/xn--huracnpolmicocancnquintanaroo-knc6wmu.com\/?p=22748"},"modified":"2024-06-10T14:21:45","modified_gmt":"2024-06-10T14:21:45","slug":"tres-aficionados-fueron-sentenciados-a-prision-por-actos-racistas-a-vinicius-en-mestalla","status":"publish","type":"post","link":"https:\/\/xn--huracnpolmicocancnquintanaroo-knc6wmu.com\/?p=22748","title":{"rendered":"Tres aficionados fueron sentenciados a prisi\u00f3n por actos racistas a Vinicius en Mestalla"},"content":{"rendered":"<p>M\u00e1s de un a\u00f1o despu\u00e9s de los incidentes racistas en Mestalla, tres aficionados han sido condenados a ocho meses de c\u00e1rcel por insultos xen\u00f3fobos dirigidos al jugador brasile\u00f1o Vinicius Jr. durante la Jornada 35 de LaLiga 2022-23. Esta sentencia es la primera en ratificar estos hechos como delito penal.<\/p>\n<p>Uno de los espectadores fue identificado por el propio Vini, mientras que los otros dos fueron identificados por las c\u00e1maras de Mestalla en las horas posteriores al encuentro entre el Valencia y Real Madrid. La condena ha sido calificada como ejemplar y sin precedentes en el sistema judicial espa\u00f1ol.<\/p>\n<p>La justicia ha declarado a los acusados culpables de un &#8220;delito contra la integridad moral del art. 173.1 del C\u00f3digo Penal con agravante de discriminaci\u00f3n por motivos racistas (art. 22.4 C.P.)&#8221;, seg\u00fan informa una nota de la patronal.<\/p>\n<p>Los tres acusados han sido sentenciados a ocho meses de prisi\u00f3n y dos a\u00f1os sin poder acceder a recintos deportivos en los que se celebren partidos de LaLiga o de la RFEF.<\/p>\n<p>El episodio racista sufrido por Vinicius en Mestalla en 2023 gener\u00f3 una ola de solidaridad con el brasile\u00f1o, quien denunci\u00f3 estas actitudes y se ha convertido en una voz importante en la lucha contra el racismo.<\/p>\n<p>Valencia identific\u00f3 a los acusados, los expuls\u00f3 como socios con efecto inmediato y colabor\u00f3 con LaLiga &#8220;desde el primer instante&#8221;. El Comit\u00e9 de Competici\u00f3n cerr\u00f3 la Curva Nord y mult\u00f3 al club valenciano con 27 mil euros.<\/p>\n","protected":false},"excerpt":{"rendered":"<p>M\u00e1s de un a\u00f1o despu\u00e9s de los incidentes racistas en Mestalla, tres aficionados han sido&#8230;<\/p>\n","protected":false},"author":1,"featured_media":22750,"comment_status":"open","ping_status":"closed","sticky":false,"template":"","format":"standard","meta":{"footnotes":""},"categories":[6],"tags":[],"class_list":["post-22748","post","type-post","status-publish","format-standard","has-post-thumbnail","hentry","category-deportes"],"_links":{"self":[{"href":"https:\/\/xn--huracnpolmicocancnquintanaroo-knc6wmu.com\/index.php?rest_route=\/wp\/v2\/posts\/22748","targetHints":{"allow":["GET"]}}],"collection":[{"href":"https:\/\/xn--huracnpolmicocancnquintanaroo-knc6wmu.com\/index.php?rest_route=\/wp\/v2\/posts"}],"about":[{"href":"https:\/\/xn--huracnpolmicocancnquintanaroo-knc6wmu.com\/index.php?rest_route=\/wp\/v2\/types\/post"}],"author":[{"embeddable":true,"href":"https:\/\/xn--huracnpolmicocancnquintanaroo-knc6wmu.com\/index.php?rest_route=\/wp\/v2\/users\/1"}],"replies":[{"embeddable":true,"href":"https:\/\/xn--huracnpolmicocancnquintanaroo-knc6wmu.com\/index.php?rest_route=%2Fwp%2Fv2%2Fcomments&post=22748"}],"version-history":[{"count":1,"href":"https:\/\/xn--huracnpolmicocancnquintanaroo-knc6wmu.com\/index.php?rest_route=\/wp\/v2\/posts\/22748\/revisions"}],"predecessor-version":[{"id":22749,"href":"https:\/\/xn--huracnpolmicocancnquintanaroo-knc6wmu.com\/index.php?rest_route=\/wp\/v2\/posts\/22748\/revisions\/22749"}],"wp:featuredmedia":[{"embeddable":true,"href":"https:\/\/xn--huracnpolmicocancnquintanaroo-knc6wmu.com\/index.php?rest_route=\/wp\/v2\/media\/22750"}],"wp:attachment":[{"href":"https:\/\/xn--huracnpolmicocancnquintanaroo-knc6wmu.com\/index.php?rest_route=%2Fwp%2Fv2%2Fmedia&parent=22748"}],"wp:term":[{"taxonomy":"category","embeddable":true,"href":"https:\/\/xn--huracnpolmicocancnquintanaroo-knc6wmu.com\/index.php?rest_route=%2Fwp%2Fv2%2Fcategories&post=22748"},{"taxonomy":"post_tag","embeddable":true,"href":"https:\/\/xn--huracnpolmicocancnquintanaroo-knc6wmu.com\/index.php?rest_route=%2Fwp%2Fv2%2Ftags&post=22748"}],"curies":[{"name":"wp","href":"https:\/\/api.w.org\/{rel}","templated":true}]}}