{"id":2298,"date":"2021-02-10T17:43:30","date_gmt":"2021-02-10T17:43:30","guid":{"rendered":"http:\/\/whatsappcancun.com\/?p=2298"},"modified":"2021-02-10T17:43:30","modified_gmt":"2021-02-10T17:43:30","slug":"la-amo-la-extrano-alejandra-guzman-reconoce-que-necesita-a-frida-sofia","status":"publish","type":"post","link":"https:\/\/xn--huracnpolmicocancnquintanaroo-knc6wmu.com\/?p=2298","title":{"rendered":"\u201cLa amo, la extra\u00f1o\u201d: Alejandra Guzm\u00e1n reconoce que necesita a Frida Sof\u00eda"},"content":{"rendered":"\n<p>La incertidumbre de estar lejos de los escenarios ha llevado a Alejandra Guzm\u00e1n a tomar antidepreseivos.<\/p>\n\n\n\n<p>Alejandra Guzm\u00e1n&nbsp;revel\u00f3 c\u00f3mo es que ha<strong>&nbsp;enfrentado los d\u00edas de pandemia<\/strong>&nbsp;y adem\u00e1s de reconocer que la incertidumbre que le provoca no saber cu\u00e1ndo ser\u00e1 su regreso a los escenarios la llev\u00f3 a&nbsp;<strong>buscar terapia y tomar antidepresivos<\/strong>,&nbsp;<strong>envi\u00f3 un mensaje a su hija Frida Sof\u00eda&nbsp;<\/strong>a quien ama y extra\u00f1a, desde que una serie de conflictos las hizo distanciarse.<\/p>\n\n\n\n<p>La cantante de temas como&nbsp;<strong>\u201cFlor de Papel\u201d<\/strong>&nbsp;y&nbsp;<strong>\u201cTen Cuidado con el Coraz\u00f3n\u201d&nbsp;<\/strong>le&nbsp;dio una nueva oportunidad al amor en el 2020&nbsp;y en el plano profesional,&nbsp;sorprender\u00e1 con un desnudo en la participaci\u00f3n que tuvo en una serie. Aunque se ha mantenido ocupada, \u201c<strong>La Guzm\u00e1n\u201d confes\u00f3 que necesita a su hija<\/strong>&nbsp;y no pierde la esperanza de que ocurra una&nbsp;<strong>reconciliaci\u00f3n<\/strong>.<\/p>\n\n\n\n<p>La hija de la&nbsp;primera actriz Silvia Pinal&nbsp;destac\u00f3 que ella sabe qu\u00e9 es lo importante para su recuperaci\u00f3n y&nbsp;<strong>se conmovi\u00f3 hasta las l\u00e1grimas&nbsp;<\/strong>al recordar el conflicto que la tiene alejada de&nbsp;<strong>Frida Sof\u00eda<\/strong>&nbsp;quien tambi\u00e9n ya lleg\u00f3 a&nbsp;pelearse con su abuelo, don Enrique Guzm\u00e1n.<\/p>\n\n\n\n<h2 class=\"wp-block-heading\">Alejandra Guzm\u00e1n llora al aceptar que necesita a su hija<\/h2>\n\n\n\n<p>En el programa \u201cDespierta Am\u00e9rica\u201d, la int\u00e9rprete expres\u00f3 lo que siente por el&nbsp;<strong>distanciamiento con su hija.<\/strong><\/p>\n\n\n\n<p><em>\u201cMira, Frida est\u00e1 en una \u00e9poca y una edad que es l\u00f3gico que tengan ese choque porque yo lo tuve con mi madre tambi\u00e9n. Cuando buscas esa entidad es cuando a veces te peleas con tu madre, con tu padre, y es normal, creo que ahora por las redes se vuelve m\u00e1s grande el problema, pero al final ella y yo alg\u00fan d\u00eda vamos a estar frente a frente y lo vamos a solucionar, porque yo jam\u00e1s he hecho algo para hacerle da\u00f1o, la amo, la extra\u00f1o, la par\u00ed, es sangre de mi sangre, c\u00f3mo no la voy a necesitar\u201d<\/em><\/p>\n\n\n\n<p>Guzm\u00e1n acept\u00f3 que durante una \u00e9poca&nbsp;<strong>fue la m\u00e1s rebelde de los hijos de su madre<\/strong>&nbsp;y que ella tambi\u00e9n est\u00e1 trabajando para valorar lo que tiene en la vida.<\/p>\n\n\n\n<h2 class=\"wp-block-heading\">Alejandra Guzm\u00e1n dice a Frida Sof\u00eda: \u201csiempre te voy a esperar\u201d<\/h2>\n\n\n\n<blockquote class=\"wp-block-quote is-layout-flow wp-block-quote-is-layout-flow\"><p><em>\u201cYo tambi\u00e9n he trabajado mi culpa, mi responsabilidad, porque eso es lo \u00fanico que le puedo mostrar, mi ejemplo y lo estoy haciendo con todo el coraz\u00f3n y espero que llegue esta luz que sale de mi alma, de mi coraz\u00f3n porque la amo y es lo \u00fanico que le puedo dar, este amor que siento por ella. Te necesito, te amo, aqu\u00ed estoy para ti, siempre te voy a esperar, siempre\u201d<\/em><\/p><\/blockquote>\n","protected":false},"excerpt":{"rendered":"<p>La incertidumbre de estar lejos de los escenarios ha llevado a Alejandra Guzm\u00e1n a tomar&#8230;<\/p>\n","protected":false},"author":1,"featured_media":2300,"comment_status":"open","ping_status":"open","sticky":false,"template":"","format":"standard","meta":{"footnotes":""},"categories":[9],"tags":[],"class_list":["post-2298","post","type-post","status-publish","format-standard","has-post-thumbnail","hentry","category-espectaculos"],"_links":{"self":[{"href":"https:\/\/xn--huracnpolmicocancnquintanaroo-knc6wmu.com\/index.php?rest_route=\/wp\/v2\/posts\/2298","targetHints":{"allow":["GET"]}}],"collection":[{"href":"https:\/\/xn--huracnpolmicocancnquintanaroo-knc6wmu.com\/index.php?rest_route=\/wp\/v2\/posts"}],"about":[{"href":"https:\/\/xn--huracnpolmicocancnquintanaroo-knc6wmu.com\/index.php?rest_route=\/wp\/v2\/types\/post"}],"author":[{"embeddable":true,"href":"https:\/\/xn--huracnpolmicocancnquintanaroo-knc6wmu.com\/index.php?rest_route=\/wp\/v2\/users\/1"}],"replies":[{"embeddable":true,"href":"https:\/\/xn--huracnpolmicocancnquintanaroo-knc6wmu.com\/index.php?rest_route=%2Fwp%2Fv2%2Fcomments&post=2298"}],"version-history":[{"count":0,"href":"https:\/\/xn--huracnpolmicocancnquintanaroo-knc6wmu.com\/index.php?rest_route=\/wp\/v2\/posts\/2298\/revisions"}],"wp:featuredmedia":[{"embeddable":true,"href":"https:\/\/xn--huracnpolmicocancnquintanaroo-knc6wmu.com\/index.php?rest_route=\/wp\/v2\/media\/2300"}],"wp:attachment":[{"href":"https:\/\/xn--huracnpolmicocancnquintanaroo-knc6wmu.com\/index.php?rest_route=%2Fwp%2Fv2%2Fmedia&parent=2298"}],"wp:term":[{"taxonomy":"category","embeddable":true,"href":"https:\/\/xn--huracnpolmicocancnquintanaroo-knc6wmu.com\/index.php?rest_route=%2Fwp%2Fv2%2Fcategories&post=2298"},{"taxonomy":"post_tag","embeddable":true,"href":"https:\/\/xn--huracnpolmicocancnquintanaroo-knc6wmu.com\/index.php?rest_route=%2Fwp%2Fv2%2Ftags&post=2298"}],"curies":[{"name":"wp","href":"https:\/\/api.w.org\/{rel}","templated":true}]}}