{"id":22995,"date":"2024-06-26T09:11:40","date_gmt":"2024-06-26T14:11:40","guid":{"rendered":"https:\/\/xn--huracnpolmicocancnquintanaroo-knc6wmu.com\/?p=22995"},"modified":"2024-06-26T14:11:42","modified_gmt":"2024-06-26T14:11:42","slug":"otan-nombra-a-su-proximo-lider-mark-rutte-primer-ministro-neerlandes","status":"publish","type":"post","link":"https:\/\/xn--huracnpolmicocancnquintanaroo-knc6wmu.com\/?p=22995","title":{"rendered":"OTAN nombra a su pr\u00f3ximo l\u00edder: Mark Rutte, primer ministro neerland\u00e9s"},"content":{"rendered":"<h4>Jeans Stoltenberg dejar\u00e1 el liderazgo de la Alianza del Atl\u00e1ntico Norte el 30 de septiembre.<\/h4>\n<p>Los aliados de la OTAN eligieron al primer ministro neerland\u00e9s, Mark Rutte, como pr\u00f3ximo jefe de la OTAN, en un momento en que la guerra en Ucrania hace estragos a sus puertas y la incertidumbre planea sobre la futura actitud de Estados Unidos hacia la alianza transatl\u00e1ntica.<\/p>\n<p>El nombramiento de Rutte se convirti\u00f3 en una formalidad despu\u00e9s de que su \u00fanico rival para el puesto, el presidente rumano Klaus Iohannis, anunciara la semana pasada que hab\u00eda abandonado la carrera, al no haber logrado conseguir apoyos.<\/p>\n<p>&#8220;El Consejo del Atl\u00e1ntico Norte ha decidido nombrar al primer ministro neerland\u00e9s, Mark Rutte, pr\u00f3ximo secretario general de la OTAN, sucediendo a Jens Stoltenberg&#8221;, inform\u00f3 la OTAN en un comunicado.<\/p>\n<p>&#8220;El se\u00f1or Rutte asumir\u00e1 sus funciones como secretario general a partir del 1 de octubre de 2024, cuando expire el mandato del se\u00f1or Stoltenberg tras diez a\u00f1os al frente de la Alianza&#8221;, a\u00f1adi\u00f3.<br \/>\nTras declarar su inter\u00e9s por el puesto el a\u00f1o pasado, Rutte obtuvo pronto el apoyo de miembros clave de la Alianza como Estados Unidos, Reino Unido, Francia y Alemania.<\/p>\n<p>Otros se mostraron m\u00e1s reticentes, sobre todo los pa\u00edses de Europa del Este, que argumentaron que el puesto deb\u00eda recaer por primera vez en alguien de su regi\u00f3n.<\/p>\n<p>Pero al final apoyaron a Rutte, feroz cr\u00edtico del presidente ruso, Vladimir Putin, y firme aliado de Ucrania.<\/p>\n<p>Stoltenberg acogi\u00f3 con gran satisfacci\u00f3n la elecci\u00f3n de Rutte como su sucesor.<\/p>\n<p>&#8220;Mark es un aut\u00e9ntico transatl\u00e1ntico, un l\u00edder fuerte y un creador de consenso&#8221;, afirm\u00f3. &#8220;S\u00e9 que dejo la OTAN en buenas manos&#8221;, confi\u00f3.<br \/>\nLa OTAN toma las decisiones por consenso, por lo que Rutte, que se retira de la pol\u00edtica neerlandesa tras casi 14 a\u00f1os como primer ministro, s\u00f3lo podr\u00eda ser confirmado una vez que los 32 miembros de la alianza le dieran su respaldo.<\/p>\n<p>Rutte se enfrentar\u00e1 al reto de mantener el apoyo de los aliados a la lucha de Ucrania contra la invasi\u00f3n rusa, evitando al mismo tiempo que la OTAN se vea arrastrada directamente a una guerra con Mosc\u00fa.<\/p>\n<p>Tambi\u00e9n tendr\u00e1 que lidiar con la posibilidad de que Donald Trump, esc\u00e9ptico ante la OTAN, regrese a la Casa Blanca tras las elecciones presidenciales estadunidenses de noviembre.<\/p>\n<p>El posible regreso de Trump ha inquietado a los l\u00edderes de la OTAN, ya que el ex presidente republicano puso en duda la voluntad de Estados Unidos de apoyar a otros miembros de la alianza en caso de ser atacados.<\/p>\n","protected":false},"excerpt":{"rendered":"<p>Jeans Stoltenberg dejar\u00e1 el liderazgo de la Alianza del Atl\u00e1ntico Norte el 30 de septiembre&#8230;.<\/p>\n","protected":false},"author":1,"featured_media":22997,"comment_status":"open","ping_status":"closed","sticky":false,"template":"","format":"standard","meta":{"footnotes":""},"categories":[11],"tags":[],"class_list":["post-22995","post","type-post","status-publish","format-standard","has-post-thumbnail","hentry","category-internacional"],"_links":{"self":[{"href":"https:\/\/xn--huracnpolmicocancnquintanaroo-knc6wmu.com\/index.php?rest_route=\/wp\/v2\/posts\/22995","targetHints":{"allow":["GET"]}}],"collection":[{"href":"https:\/\/xn--huracnpolmicocancnquintanaroo-knc6wmu.com\/index.php?rest_route=\/wp\/v2\/posts"}],"about":[{"href":"https:\/\/xn--huracnpolmicocancnquintanaroo-knc6wmu.com\/index.php?rest_route=\/wp\/v2\/types\/post"}],"author":[{"embeddable":true,"href":"https:\/\/xn--huracnpolmicocancnquintanaroo-knc6wmu.com\/index.php?rest_route=\/wp\/v2\/users\/1"}],"replies":[{"embeddable":true,"href":"https:\/\/xn--huracnpolmicocancnquintanaroo-knc6wmu.com\/index.php?rest_route=%2Fwp%2Fv2%2Fcomments&post=22995"}],"version-history":[{"count":1,"href":"https:\/\/xn--huracnpolmicocancnquintanaroo-knc6wmu.com\/index.php?rest_route=\/wp\/v2\/posts\/22995\/revisions"}],"predecessor-version":[{"id":22996,"href":"https:\/\/xn--huracnpolmicocancnquintanaroo-knc6wmu.com\/index.php?rest_route=\/wp\/v2\/posts\/22995\/revisions\/22996"}],"wp:featuredmedia":[{"embeddable":true,"href":"https:\/\/xn--huracnpolmicocancnquintanaroo-knc6wmu.com\/index.php?rest_route=\/wp\/v2\/media\/22997"}],"wp:attachment":[{"href":"https:\/\/xn--huracnpolmicocancnquintanaroo-knc6wmu.com\/index.php?rest_route=%2Fwp%2Fv2%2Fmedia&parent=22995"}],"wp:term":[{"taxonomy":"category","embeddable":true,"href":"https:\/\/xn--huracnpolmicocancnquintanaroo-knc6wmu.com\/index.php?rest_route=%2Fwp%2Fv2%2Fcategories&post=22995"},{"taxonomy":"post_tag","embeddable":true,"href":"https:\/\/xn--huracnpolmicocancnquintanaroo-knc6wmu.com\/index.php?rest_route=%2Fwp%2Fv2%2Ftags&post=22995"}],"curies":[{"name":"wp","href":"https:\/\/api.w.org\/{rel}","templated":true}]}}