{"id":23334,"date":"2024-07-11T10:44:48","date_gmt":"2024-07-11T15:44:48","guid":{"rendered":"https:\/\/xn--huracnpolmicocancnquintanaroo-knc6wmu.com\/?p=23334"},"modified":"2024-07-11T15:44:49","modified_gmt":"2024-07-11T15:44:49","slug":"fallece-el-bebe-recien-nacido-de-ivan-aguilera-hijo-de-juan-gabriel","status":"publish","type":"post","link":"https:\/\/xn--huracnpolmicocancnquintanaroo-knc6wmu.com\/?p=23334","title":{"rendered":"Fallece el beb\u00e9 reci\u00e9n nacido de Iv\u00e1n Aguilera, hijo de Juan Gabriel."},"content":{"rendered":"<h4>Simona Aguilera, mam\u00e1 del menor lo despide por medio de un desgarrador mensaje en sus redes sociales.<\/h4>\n<p>El reci\u00e9n nacido hijo de Iv\u00e1n Aguilera y nieto de Juan Gabriel, falleci\u00f3 ayer por la noche, as\u00ed lo dio a conocer Simona Aguilera, mam\u00e1 del menor, por medio de un desgarrador mensaje en sus redes sociales.<\/p>\n<p>De acuerdo con los primeros informes, el beb\u00e9 naci\u00f3 el\u00a08 de julio de 2024, pero ayer por la noche Simona Aguilera comparti\u00f3 la triste noticia de su partida.<\/p>\n<p>En una publicaci\u00f3n en Instagram,\u00a0Simona Aguilera comunic\u00f3 que su coraz\u00f3n estaba &#8220;destrozado&#8221; y dijo: &#8220;No tengo palabras, pero tantas l\u00e1grimas llenas de amor&#8221;.<\/p>\n<p>&#8220;C\u00f3mo una madre y un padre comienzan a expresar el dolor que se siente en cada c\u00e9lula de nuestro cuerpo cuando las esperanzas y sue\u00f1os que ten\u00edas para tu hijo reci\u00e9n nacido se han ido en un instante.\u00a0Iv\u00e1n y yo estamos de luto por nuestro hijo Elijah pero tambi\u00e9n nos regocijamos por \u00e9l, porque sabemos exactamente d\u00f3nde est\u00e1, con nuestro Se\u00f1or y Salvador, nuestro Padre Celestial&#8221;, escribi\u00f3 la madre del menor.<\/p>\n<p>Simona Aguilera asever\u00f3 que, pese a la triste perdida, entiende que ahora su beb\u00e9 est\u00e1 en un lugar mejor, sin embargo, &#8220;cada c\u00e9lula de su cuerpo, quiere y sufre de retenerlo y no tenerlo en casa&#8221;.<\/p>\n<p>&#8220;Me regocijo por Elijah pero lloro por este dolor terrenal que duele tan profundo (&#8230;) Mi cuerpo duele estar sin \u00e9l&#8221;.<\/p>\n<p>&#8220;Mis brazos est\u00e1n vac\u00edos. Me duele el coraz\u00f3n. Mi cuerpo tiene todas las se\u00f1ales de mi hijo, pero ya no puedo sentirlo. \u00bfA qui\u00e9n sostengo y consuelo ahora y acurruco hasta dormir? (&#8230;)\u00a0Mis brazos est\u00e1n vac\u00edos. Me duele el coraz\u00f3n. Mi cuerpo tiene todas las se\u00f1ales de mi hijo, pero ya no puedo sentirlo. \u00bfA qui\u00e9n sostengo y consuelo ahora y acurruco hasta dormir?&#8221;.<\/p>\n<p>La nuera de Juan Gabriel llam\u00f3 a que oren por ella, sus hijos e\u00a0Iv\u00e1n Aguilera. En estos momentos quieren estar a solas.<\/p>\n","protected":false},"excerpt":{"rendered":"<p>Simona Aguilera, mam\u00e1 del menor lo despide por medio de un desgarrador mensaje en sus&#8230;<\/p>\n","protected":false},"author":1,"featured_media":23336,"comment_status":"open","ping_status":"closed","sticky":false,"template":"","format":"standard","meta":{"footnotes":""},"categories":[9],"tags":[],"class_list":["post-23334","post","type-post","status-publish","format-standard","has-post-thumbnail","hentry","category-espectaculos"],"_links":{"self":[{"href":"https:\/\/xn--huracnpolmicocancnquintanaroo-knc6wmu.com\/index.php?rest_route=\/wp\/v2\/posts\/23334","targetHints":{"allow":["GET"]}}],"collection":[{"href":"https:\/\/xn--huracnpolmicocancnquintanaroo-knc6wmu.com\/index.php?rest_route=\/wp\/v2\/posts"}],"about":[{"href":"https:\/\/xn--huracnpolmicocancnquintanaroo-knc6wmu.com\/index.php?rest_route=\/wp\/v2\/types\/post"}],"author":[{"embeddable":true,"href":"https:\/\/xn--huracnpolmicocancnquintanaroo-knc6wmu.com\/index.php?rest_route=\/wp\/v2\/users\/1"}],"replies":[{"embeddable":true,"href":"https:\/\/xn--huracnpolmicocancnquintanaroo-knc6wmu.com\/index.php?rest_route=%2Fwp%2Fv2%2Fcomments&post=23334"}],"version-history":[{"count":1,"href":"https:\/\/xn--huracnpolmicocancnquintanaroo-knc6wmu.com\/index.php?rest_route=\/wp\/v2\/posts\/23334\/revisions"}],"predecessor-version":[{"id":23335,"href":"https:\/\/xn--huracnpolmicocancnquintanaroo-knc6wmu.com\/index.php?rest_route=\/wp\/v2\/posts\/23334\/revisions\/23335"}],"wp:featuredmedia":[{"embeddable":true,"href":"https:\/\/xn--huracnpolmicocancnquintanaroo-knc6wmu.com\/index.php?rest_route=\/wp\/v2\/media\/23336"}],"wp:attachment":[{"href":"https:\/\/xn--huracnpolmicocancnquintanaroo-knc6wmu.com\/index.php?rest_route=%2Fwp%2Fv2%2Fmedia&parent=23334"}],"wp:term":[{"taxonomy":"category","embeddable":true,"href":"https:\/\/xn--huracnpolmicocancnquintanaroo-knc6wmu.com\/index.php?rest_route=%2Fwp%2Fv2%2Fcategories&post=23334"},{"taxonomy":"post_tag","embeddable":true,"href":"https:\/\/xn--huracnpolmicocancnquintanaroo-knc6wmu.com\/index.php?rest_route=%2Fwp%2Fv2%2Ftags&post=23334"}],"curies":[{"name":"wp","href":"https:\/\/api.w.org\/{rel}","templated":true}]}}