{"id":23374,"date":"2024-07-13T12:34:07","date_gmt":"2024-07-13T17:34:07","guid":{"rendered":"https:\/\/xn--huracnpolmicocancnquintanaroo-knc6wmu.com\/?p=23374"},"modified":"2024-07-14T17:35:33","modified_gmt":"2024-07-14T17:35:33","slug":"tadej-pogacar-gana-la-etapa-14-del-tour-de-francia","status":"publish","type":"post","link":"https:\/\/xn--huracnpolmicocancnquintanaroo-knc6wmu.com\/?p=23374","title":{"rendered":"Tadej Pogacar gana la etapa 14 del Tour de Francia"},"content":{"rendered":"<h4>Cruz\u00f3 la meta en primer lugar en la etapa 14 del Tour de Francia.<\/h4>\n<p>El esloveno Tadej Pogacar (UAE) se impuso este s\u00e1bado en el final en alto de Pla d&#8217;Adet, en los Pirineos, reforzando su maillot de l\u00edder de la general en la 14 etapa del Tour de Francia.<\/p>\n<p>El dos veces ganador del Tour (2020, 2021) aventaj\u00f3 en 39 segundos en meta al vigente campe\u00f3n dan\u00e9s Jonas Vingegaard (Visma), y ampli\u00f3 su colch\u00f3n a 1 minuto 57 segundos sobre el dan\u00e9s en la pelea por la general.<\/p>\n<p>El tercero en discordia, el belga Remco Evenepoel, que lleg\u00f3 en tercer puesto a meta a 1 minuto 10 segundos de Pogacar, se vio relegado a esa misma posici\u00f3n en la general a 2 minutos 22 segundos del esloveno, justo por delante del espa\u00f1ol del Ineos Carlos Rodr\u00edguez.<\/p>\n<p>Con salida en Pau y llegada en Saint-Lary-Soulan Pla d&#8217;Adet y 151,9 kil\u00f3metros de recorrido, el pelot\u00f3n encontr\u00f3 la primera dificultad del d\u00eda en el Tourmalet, en el kil\u00f3metro 89.<\/p>\n<p>En las \u00faltimas rampas de sus interminables 19 kil\u00f3metros de subida, en medio de una marea de aficionados, muchos de ellos vascos, uno de los suyos, el corredor del Movistar Oier Lazkano arranc\u00f3 a pocos metros para la cima dejando atr\u00e1s al franc\u00e9s David Gaudu, y se convirti\u00f3 en el primer corredor espa\u00f1ol en coronar el primero la cima de ese coloso desde que lo lograse David de la Fuente en 2006.<\/p>\n<p>Pero a\u00fan quedaba mucha etapa por delante, con otros dos puertos catalogados, y en el \u00faltimo de ellos, tambi\u00e9n de categor\u00eda especial, se expres\u00f3 Pogacar, que atac\u00f3 a 4,6 kil\u00f3metros para meta en la primera llegada en alto de este Tour.<\/p>\n<p>Ayudado por su compa\u00f1ero Adam Yates en un primer momento, fue ampliando ya en solitario su diferencia con Vingegaard para dar un nuevo paso hacia la victoria final que le corone como el primer corredor desde 1998 en imponerse en Giro y Tour el mismo a\u00f1o.<\/p>\n","protected":false},"excerpt":{"rendered":"<p>Cruz\u00f3 la meta en primer lugar en la etapa 14 del Tour de Francia. El&#8230;<\/p>\n","protected":false},"author":1,"featured_media":23376,"comment_status":"open","ping_status":"closed","sticky":false,"template":"","format":"standard","meta":{"footnotes":""},"categories":[6],"tags":[],"class_list":["post-23374","post","type-post","status-publish","format-standard","has-post-thumbnail","hentry","category-deportes"],"_links":{"self":[{"href":"https:\/\/xn--huracnpolmicocancnquintanaroo-knc6wmu.com\/index.php?rest_route=\/wp\/v2\/posts\/23374","targetHints":{"allow":["GET"]}}],"collection":[{"href":"https:\/\/xn--huracnpolmicocancnquintanaroo-knc6wmu.com\/index.php?rest_route=\/wp\/v2\/posts"}],"about":[{"href":"https:\/\/xn--huracnpolmicocancnquintanaroo-knc6wmu.com\/index.php?rest_route=\/wp\/v2\/types\/post"}],"author":[{"embeddable":true,"href":"https:\/\/xn--huracnpolmicocancnquintanaroo-knc6wmu.com\/index.php?rest_route=\/wp\/v2\/users\/1"}],"replies":[{"embeddable":true,"href":"https:\/\/xn--huracnpolmicocancnquintanaroo-knc6wmu.com\/index.php?rest_route=%2Fwp%2Fv2%2Fcomments&post=23374"}],"version-history":[{"count":1,"href":"https:\/\/xn--huracnpolmicocancnquintanaroo-knc6wmu.com\/index.php?rest_route=\/wp\/v2\/posts\/23374\/revisions"}],"predecessor-version":[{"id":23375,"href":"https:\/\/xn--huracnpolmicocancnquintanaroo-knc6wmu.com\/index.php?rest_route=\/wp\/v2\/posts\/23374\/revisions\/23375"}],"wp:featuredmedia":[{"embeddable":true,"href":"https:\/\/xn--huracnpolmicocancnquintanaroo-knc6wmu.com\/index.php?rest_route=\/wp\/v2\/media\/23376"}],"wp:attachment":[{"href":"https:\/\/xn--huracnpolmicocancnquintanaroo-knc6wmu.com\/index.php?rest_route=%2Fwp%2Fv2%2Fmedia&parent=23374"}],"wp:term":[{"taxonomy":"category","embeddable":true,"href":"https:\/\/xn--huracnpolmicocancnquintanaroo-knc6wmu.com\/index.php?rest_route=%2Fwp%2Fv2%2Fcategories&post=23374"},{"taxonomy":"post_tag","embeddable":true,"href":"https:\/\/xn--huracnpolmicocancnquintanaroo-knc6wmu.com\/index.php?rest_route=%2Fwp%2Fv2%2Ftags&post=23374"}],"curies":[{"name":"wp","href":"https:\/\/api.w.org\/{rel}","templated":true}]}}