{"id":23680,"date":"2024-07-27T10:05:52","date_gmt":"2024-07-27T15:05:52","guid":{"rendered":"https:\/\/xn--huracnpolmicocancnquintanaroo-knc6wmu.com\/?p=23680"},"modified":"2024-07-28T02:57:54","modified_gmt":"2024-07-28T02:57:54","slug":"marcus-thuram-usa-playera-del-america-y-se-vuelve-viral","status":"publish","type":"post","link":"https:\/\/xn--huracnpolmicocancnquintanaroo-knc6wmu.com\/?p=23680","title":{"rendered":"Marcus Thuram usa playera del Am\u00e9rica y se vuelve viral"},"content":{"rendered":"<h4>La estrella de la Selecci\u00f3n de Francia y del Inter de Mil\u00e1n luci\u00f3 la playera de las \u00c1guilas, al parecer porque los viste la misma marca.<\/h4>\n<p>Luego de participar con Francia en la Eurocopa 2024, certamen en el que el conjunto galo lleg\u00f3 hasta las Semifinales, Marcus Thuram regres\u00f3 de manera individual a los entrenamientos con miras en la temporada 2024-25 que sostendr\u00e1 con la escuadra \u2018Neroazzurra\u2019.<\/p>\n<p>Thuram comparti\u00f3 seis fotograf\u00edas en Instagram, donde en dos de ellas vest\u00eda el nuevo \u2018plumaje\u2019 del conjunto dirigido por Andr\u00e9 Jardine, mismo que se encuentra a pocas horas de tomar un vuelo rumbo a Estados Unidos para afrontar los partidos amistosos ante Chelsea y Aston Villa, adem\u00e1s de la Leagues Cup 2024.<\/p>\n<p>La publicaci\u00f3n r\u00e1pidamente se empez\u00f3 a difundir en redes sociales y, tras algunas horas de haber salido a la luz, est\u00e1 cerca de llegar a los 100 mil \u2018likes\u2019.<\/p>\n<p>Pese al revuelo que caus\u00f3 el delantero franc\u00e9s luego de portar la playera del actual bicampe\u00f3n del futbol mexicano, su llegada al \u2019Nido\u2019 es algo impensable para la directiva azulcrema, ya que el costo del delantero es nada m\u00e1s y nada menos que de 65 millones de euros, pr\u00e1cticamente el valor de 3\/4 de la plantilla capitalina.<\/p>\n<p>Uno de los argumentos por los cuales el \u2018killer\u2019 europeo utiliz\u00f3 la playera del Am\u00e9rica podr\u00eda deberse a que los viste la misma marca deportiva.<\/p>\n<p>Adem\u00e1s, el conjunto que orquesta Andr\u00e9 Jardine -actualmente- no tiene la posibilidad de inscribir a m\u00e1s futbolistas No Formados en M\u00e9xico (NFM) para el Apertura 2024 hasta que exista alguna salida de un jugador que utilice uno de los cupos mencionados.<\/p>\n","protected":false},"excerpt":{"rendered":"<p>La estrella de la Selecci\u00f3n de Francia y del Inter de Mil\u00e1n luci\u00f3 la playera&#8230;<\/p>\n","protected":false},"author":1,"featured_media":23682,"comment_status":"open","ping_status":"closed","sticky":false,"template":"","format":"standard","meta":{"footnotes":""},"categories":[54],"tags":[],"class_list":["post-23680","post","type-post","status-publish","format-standard","has-post-thumbnail","hentry","category-paris-2024"],"_links":{"self":[{"href":"https:\/\/xn--huracnpolmicocancnquintanaroo-knc6wmu.com\/index.php?rest_route=\/wp\/v2\/posts\/23680","targetHints":{"allow":["GET"]}}],"collection":[{"href":"https:\/\/xn--huracnpolmicocancnquintanaroo-knc6wmu.com\/index.php?rest_route=\/wp\/v2\/posts"}],"about":[{"href":"https:\/\/xn--huracnpolmicocancnquintanaroo-knc6wmu.com\/index.php?rest_route=\/wp\/v2\/types\/post"}],"author":[{"embeddable":true,"href":"https:\/\/xn--huracnpolmicocancnquintanaroo-knc6wmu.com\/index.php?rest_route=\/wp\/v2\/users\/1"}],"replies":[{"embeddable":true,"href":"https:\/\/xn--huracnpolmicocancnquintanaroo-knc6wmu.com\/index.php?rest_route=%2Fwp%2Fv2%2Fcomments&post=23680"}],"version-history":[{"count":1,"href":"https:\/\/xn--huracnpolmicocancnquintanaroo-knc6wmu.com\/index.php?rest_route=\/wp\/v2\/posts\/23680\/revisions"}],"predecessor-version":[{"id":23681,"href":"https:\/\/xn--huracnpolmicocancnquintanaroo-knc6wmu.com\/index.php?rest_route=\/wp\/v2\/posts\/23680\/revisions\/23681"}],"wp:featuredmedia":[{"embeddable":true,"href":"https:\/\/xn--huracnpolmicocancnquintanaroo-knc6wmu.com\/index.php?rest_route=\/wp\/v2\/media\/23682"}],"wp:attachment":[{"href":"https:\/\/xn--huracnpolmicocancnquintanaroo-knc6wmu.com\/index.php?rest_route=%2Fwp%2Fv2%2Fmedia&parent=23680"}],"wp:term":[{"taxonomy":"category","embeddable":true,"href":"https:\/\/xn--huracnpolmicocancnquintanaroo-knc6wmu.com\/index.php?rest_route=%2Fwp%2Fv2%2Fcategories&post=23680"},{"taxonomy":"post_tag","embeddable":true,"href":"https:\/\/xn--huracnpolmicocancnquintanaroo-knc6wmu.com\/index.php?rest_route=%2Fwp%2Fv2%2Ftags&post=23680"}],"curies":[{"name":"wp","href":"https:\/\/api.w.org\/{rel}","templated":true}]}}