{"id":24127,"date":"2024-08-15T10:35:45","date_gmt":"2024-08-15T15:35:45","guid":{"rendered":"https:\/\/xn--huracnpolmicocancnquintanaroo-knc6wmu.com\/?p=24127"},"modified":"2024-08-15T15:35:46","modified_gmt":"2024-08-15T15:35:46","slug":"arrestan-a-cuatro-personas-por-apunalamiento-a-padre-de-lamine-yamal-en-barcelona","status":"publish","type":"post","link":"https:\/\/xn--huracnpolmicocancnquintanaroo-knc6wmu.com\/?p=24127","title":{"rendered":"Arrestan a cuatro personas por apu\u00f1alamiento a padre de Lamine Yamal en Barcelona"},"content":{"rendered":"<p>\ud83d\udd38 La polic\u00eda de Catalu\u00f1a se\u00f1al\u00f3 a los posibles responsables de la agresi\u00f3n en arma blanca a Mounir Nasraoui<\/p>\n<p>#INTERNACIONAL Los Mossos d&#8217;Esquadra detuvieron este jueves a una cuarta persona en relaci\u00f3n con el apu\u00f1alamiento de Mounir Nasraoui, padre Lamine Yamal, Barcelona.<\/p>\n<p>De acuerdo a EFE la detenci\u00f3n de esta persona se realiz\u00f3 a las 11:00 horas locales en Matar\u00f3. Esta cuarta persona se encuentra en las dependencias de la comisar\u00eda de Matar\u00f3, a la espera de pasar a disposici\u00f3n judicial, al igual que los tres individuos detenidos la noche del mi\u00e9rcoles por su presunta implicaci\u00f3n en el ataque.<\/p>\n<p>El padre de Lamine Yamal, Mounir Nasraoui, permanece ingresado en el hospital universitario Germans Trias i Pujol de Badalona, conocido como Can Ruti. Nasraoui sufri\u00f3 heridas de diversa consideraci\u00f3n, no corre riesgo.<\/p>\n<p>El hospital a\u00fan no ha proporcionado informaci\u00f3n sobre su evoluci\u00f3n m\u00e9dica, aunque se ha reportado que Nasraoui recibi\u00f3 dos pu\u00f1aladas en el abdomen.<\/p>\n<p>Los hechos ocurrieron alrededor de las 21:00 horas en el barrio de Rocafonda de Matar\u00f3, donde reside el padre del jugador. A las 23:00 horas del mismo d\u00eda se produjo la detenci\u00f3n de tres personas, con la incorporaci\u00f3n de un cuarto detenido el d\u00eda siguiente.<\/p>\n","protected":false},"excerpt":{"rendered":"<p>\ud83d\udd38 La polic\u00eda de Catalu\u00f1a se\u00f1al\u00f3 a los posibles responsables de la agresi\u00f3n en arma&#8230;<\/p>\n","protected":false},"author":1,"featured_media":24129,"comment_status":"open","ping_status":"closed","sticky":false,"template":"","format":"standard","meta":{"footnotes":""},"categories":[11],"tags":[],"class_list":["post-24127","post","type-post","status-publish","format-standard","has-post-thumbnail","hentry","category-internacional"],"_links":{"self":[{"href":"https:\/\/xn--huracnpolmicocancnquintanaroo-knc6wmu.com\/index.php?rest_route=\/wp\/v2\/posts\/24127","targetHints":{"allow":["GET"]}}],"collection":[{"href":"https:\/\/xn--huracnpolmicocancnquintanaroo-knc6wmu.com\/index.php?rest_route=\/wp\/v2\/posts"}],"about":[{"href":"https:\/\/xn--huracnpolmicocancnquintanaroo-knc6wmu.com\/index.php?rest_route=\/wp\/v2\/types\/post"}],"author":[{"embeddable":true,"href":"https:\/\/xn--huracnpolmicocancnquintanaroo-knc6wmu.com\/index.php?rest_route=\/wp\/v2\/users\/1"}],"replies":[{"embeddable":true,"href":"https:\/\/xn--huracnpolmicocancnquintanaroo-knc6wmu.com\/index.php?rest_route=%2Fwp%2Fv2%2Fcomments&post=24127"}],"version-history":[{"count":1,"href":"https:\/\/xn--huracnpolmicocancnquintanaroo-knc6wmu.com\/index.php?rest_route=\/wp\/v2\/posts\/24127\/revisions"}],"predecessor-version":[{"id":24128,"href":"https:\/\/xn--huracnpolmicocancnquintanaroo-knc6wmu.com\/index.php?rest_route=\/wp\/v2\/posts\/24127\/revisions\/24128"}],"wp:featuredmedia":[{"embeddable":true,"href":"https:\/\/xn--huracnpolmicocancnquintanaroo-knc6wmu.com\/index.php?rest_route=\/wp\/v2\/media\/24129"}],"wp:attachment":[{"href":"https:\/\/xn--huracnpolmicocancnquintanaroo-knc6wmu.com\/index.php?rest_route=%2Fwp%2Fv2%2Fmedia&parent=24127"}],"wp:term":[{"taxonomy":"category","embeddable":true,"href":"https:\/\/xn--huracnpolmicocancnquintanaroo-knc6wmu.com\/index.php?rest_route=%2Fwp%2Fv2%2Fcategories&post=24127"},{"taxonomy":"post_tag","embeddable":true,"href":"https:\/\/xn--huracnpolmicocancnquintanaroo-knc6wmu.com\/index.php?rest_route=%2Fwp%2Fv2%2Ftags&post=24127"}],"curies":[{"name":"wp","href":"https:\/\/api.w.org\/{rel}","templated":true}]}}