{"id":24601,"date":"2024-09-04T09:10:48","date_gmt":"2024-09-04T14:10:48","guid":{"rendered":"https:\/\/xn--huracnpolmicocancnquintanaroo-knc6wmu.com\/?p=24601"},"modified":"2024-09-04T14:10:50","modified_gmt":"2024-09-04T14:10:50","slug":"adrian-marcelo-deja-la-casa-de-los-famosos-mexio","status":"publish","type":"post","link":"https:\/\/xn--huracnpolmicocancnquintanaroo-knc6wmu.com\/?p=24601","title":{"rendered":"Adri\u00e1n Marcelo deja &#8220;La Casa de los Famosos Mexio&#8221;"},"content":{"rendered":"<p>\ud83d\udd38El youtuber regiomontano abandon\u00f3 reality durante la madrugada de este mi\u00e9rcoles, tras el enfrentamiento con Gala Montes.<\/p>\n<p>#ESPECT\u00c1CULOS El programa de este martes de &#8220;La casa de los famosos M\u00e9xico&#8221; termin\u00f3 convirti\u00e9ndose en noche de eliminaci\u00f3n, y es que, tras una intenso enfrentamiento con Gala Montes; Adri\u00e1n Marcelo abandon\u00f3 el reality show.<\/p>\n<p>Los \u00e1nimos se calentaron cuando, en plena transmisi\u00f3n en vivo, Odalys cuestion\u00f3 a Marcelo por la frase &#8220;una mujer menos para maltratar&#8221; que dijo el domingo pasado y que gener\u00f3 una discusi\u00f3n en la que la actriz termin\u00f3 llam\u00e1ndolo mis\u00f3gino.<\/p>\n<p>Tanto Adri\u00e1n como Gala expresaron su deseo por salir; sin embargo, el influencer asegur\u00f3 que a partir de esa noche el juego para \u00e9l hab\u00eda acabado.<\/p>\n<p>M\u00e1s tarde, y una vez que acab\u00f3 el programa y los \u00e1nimos se calmaron, &#8220;La Jefa&#8221; reuni\u00f3 a los habitantes para informarles que, por voluntad propia, Adri\u00e1n ya no formaba parte de la competencia.<\/p>\n<p>&#8220;Tengo algo muy importante que decirles, hace un momento su compa\u00f1ero Adri\u00e1n Marcelo tom\u00f3 la decisi\u00f3n de abandonar la casa. El juego termin\u00f3 para \u00e9l&#8221;, dijo.<\/p>\n<p>Aunque el anuncio tom\u00f3 por sorpresa a varios de los integrantes, para el resto del mundo no fue tan repentino. minutos despu\u00e9s de que se suscitara el encontronazo varias de las marcas patrocinadoras empezaron a deslindarse del proyecto, alegando que los mensajes de &#8220;algunos&#8221; de los participantes no comulgaban con los valores que ellos transmit\u00edan, lo que ya adelantaba alg\u00fan tipo de acci\u00f3n por parte de los productores.<\/p>\n<p>Por si esto fuera poco, el comediante conocido como &#8220;La Mole&#8221; y uno de los mejores amigos de Marcelo, comenz\u00f3 a publicar extra\u00f1os mensajes en las redes, en los que reafirmaba su cari\u00f1o por el youtuber pero aseguraba que su tiempo se hab\u00eda acabado: &#8220;es tiempo de irnos, se acab\u00f3&#8221;, fue el mensaje que el comediante public\u00f3 horas antes de la salida de Adri\u00e1n.<\/p>\n<p>Para muchos esta fue la clara se\u00f1al de que el programa de este martes ser\u00eda el \u00faltimo en el que aparecer\u00eda Marcelo, despu\u00e9s de casi siete semanas de convivencia.<\/p>\n","protected":false},"excerpt":{"rendered":"<p>\ud83d\udd38El youtuber regiomontano abandon\u00f3 reality durante la madrugada de este mi\u00e9rcoles, tras el enfrentamiento con&#8230;<\/p>\n","protected":false},"author":1,"featured_media":24603,"comment_status":"open","ping_status":"closed","sticky":false,"template":"","format":"standard","meta":{"footnotes":""},"categories":[9],"tags":[],"class_list":["post-24601","post","type-post","status-publish","format-standard","has-post-thumbnail","hentry","category-espectaculos"],"_links":{"self":[{"href":"https:\/\/xn--huracnpolmicocancnquintanaroo-knc6wmu.com\/index.php?rest_route=\/wp\/v2\/posts\/24601","targetHints":{"allow":["GET"]}}],"collection":[{"href":"https:\/\/xn--huracnpolmicocancnquintanaroo-knc6wmu.com\/index.php?rest_route=\/wp\/v2\/posts"}],"about":[{"href":"https:\/\/xn--huracnpolmicocancnquintanaroo-knc6wmu.com\/index.php?rest_route=\/wp\/v2\/types\/post"}],"author":[{"embeddable":true,"href":"https:\/\/xn--huracnpolmicocancnquintanaroo-knc6wmu.com\/index.php?rest_route=\/wp\/v2\/users\/1"}],"replies":[{"embeddable":true,"href":"https:\/\/xn--huracnpolmicocancnquintanaroo-knc6wmu.com\/index.php?rest_route=%2Fwp%2Fv2%2Fcomments&post=24601"}],"version-history":[{"count":1,"href":"https:\/\/xn--huracnpolmicocancnquintanaroo-knc6wmu.com\/index.php?rest_route=\/wp\/v2\/posts\/24601\/revisions"}],"predecessor-version":[{"id":24602,"href":"https:\/\/xn--huracnpolmicocancnquintanaroo-knc6wmu.com\/index.php?rest_route=\/wp\/v2\/posts\/24601\/revisions\/24602"}],"wp:featuredmedia":[{"embeddable":true,"href":"https:\/\/xn--huracnpolmicocancnquintanaroo-knc6wmu.com\/index.php?rest_route=\/wp\/v2\/media\/24603"}],"wp:attachment":[{"href":"https:\/\/xn--huracnpolmicocancnquintanaroo-knc6wmu.com\/index.php?rest_route=%2Fwp%2Fv2%2Fmedia&parent=24601"}],"wp:term":[{"taxonomy":"category","embeddable":true,"href":"https:\/\/xn--huracnpolmicocancnquintanaroo-knc6wmu.com\/index.php?rest_route=%2Fwp%2Fv2%2Fcategories&post=24601"},{"taxonomy":"post_tag","embeddable":true,"href":"https:\/\/xn--huracnpolmicocancnquintanaroo-knc6wmu.com\/index.php?rest_route=%2Fwp%2Fv2%2Ftags&post=24601"}],"curies":[{"name":"wp","href":"https:\/\/api.w.org\/{rel}","templated":true}]}}