{"id":24628,"date":"2024-09-05T09:48:47","date_gmt":"2024-09-05T14:48:47","guid":{"rendered":"https:\/\/xn--huracnpolmicocancnquintanaroo-knc6wmu.com\/?p=24628"},"modified":"2024-09-05T14:48:49","modified_gmt":"2024-09-05T14:48:49","slug":"el-rostro-del-autor-exposicion-pionera-en-puebla-dedicada-a-los-compositores","status":"publish","type":"post","link":"https:\/\/xn--huracnpolmicocancnquintanaroo-knc6wmu.com\/?p=24628","title":{"rendered":"&#8216;El rostro del autor&#8217;: exposici\u00f3n pionera en Puebla dedicada a los compositores"},"content":{"rendered":"<p>\ud83d\udd38Este proyecto fue organizado por la Sociedad de Autores y Compositores de M\u00e9xico, con el objetivo de visibilizar su trabajo, trayectoria y creaciones que han dado forma a la identidad musical de nuestro pa\u00eds.<\/p>\n<p>#PUEBLA | En San Pedro, Museo del Arte, se inaugur\u00f3 la exposici\u00f3n &#8220;El rostro del autor&#8221;, que tiene como objetivo visibilizar a los compositores mexicanos que est\u00e1n atr\u00e1s de los boleros, baladas y canciones de todos los g\u00e9neros musicales.<\/p>\n<p>Este proyecto fue organizado por la Sociedad de Autores y Compositores de M\u00e9xico a trav\u00e9s de su direcci\u00f3n de Cat\u00e1logo de Oro, con el objetivo de visibilizar su trabajo, trayectoria y creaciones que han dado forma a la identidad musical de nuestro pa\u00eds.<\/p>\n<p>&#8220;Veamos con otra mirada a los compositores y escuchemos esta gran exposici\u00f3n porque, adem\u00e1s de conocer el rostro del autor, tambi\u00e9n podr\u00e1n escuchar los c\u00f3digos QR que vienen en cada fotograf\u00eda que nos llevan a la semblanza de cada autor y a los archivos de audio que contienen selecciones musicales&#8221;, dijo Flavio Guzm\u00e1n S\u00e1nchez, Director de difusi\u00f3n Cultural de la Benem\u00e9rita Universidad Aut\u00f3noma de Puebla (BUAP).<\/p>\n<p>Por lo que te recomendamos asistir con tus aud\u00edfonos para poder disfrutar de las melod\u00edas y la semblanza de cada autor mexicano.<\/p>\n<p>&#8220;El mexicano es especialmente musical, siendo esta forma de arte una forma de construcci\u00f3n de la identidad social e hist\u00f3rica desde las formas prehisp\u00e1nicas e involucrando m\u00fasica hasta el d\u00eda de hoy. \u00a1Uy el mexicano, que cura el coraz\u00f3n con la m\u00fasica&#8221;, se\u00f1al\u00f3 Anel Nochebuena.<br \/>\nIncluso, en la exposici\u00f3n hay una secci\u00f3n dedicada a los cantautores que son artistas que no solo interpretan sus propias obras, sino que tambi\u00e9n prestan su voz a las composiciones de otros, como Armando Manzanero, Jos\u00e9 Alfredo Jim\u00e9nez, Juan Gabriel, Alex Lora, Paty Cant\u00fa, Natalia Lafourcade y Aleks Syntek.<\/p>\n<p>&#8220;Es una belleza que se ponga el ejemplo y que ojal\u00e1 se hagan este tipo de exposiciones, Puebla ponga el ejemplo para que en todo nuestro pa\u00eds se lleve el rostro del autor y se le pueda dar cara a cada canci\u00f3n que hemos cantado con nuestro coraz\u00f3n y con nuestra alma&#8221;, finaliz\u00f3 el cantautor Aleks Syntek.<\/p>\n","protected":false},"excerpt":{"rendered":"<p>\ud83d\udd38Este proyecto fue organizado por la Sociedad de Autores y Compositores de M\u00e9xico, con el&#8230;<\/p>\n","protected":false},"author":1,"featured_media":24630,"comment_status":"open","ping_status":"closed","sticky":false,"template":"","format":"standard","meta":{"footnotes":""},"categories":[64],"tags":[],"class_list":["post-24628","post","type-post","status-publish","format-standard","has-post-thumbnail","hentry","category-puebla"],"_links":{"self":[{"href":"https:\/\/xn--huracnpolmicocancnquintanaroo-knc6wmu.com\/index.php?rest_route=\/wp\/v2\/posts\/24628","targetHints":{"allow":["GET"]}}],"collection":[{"href":"https:\/\/xn--huracnpolmicocancnquintanaroo-knc6wmu.com\/index.php?rest_route=\/wp\/v2\/posts"}],"about":[{"href":"https:\/\/xn--huracnpolmicocancnquintanaroo-knc6wmu.com\/index.php?rest_route=\/wp\/v2\/types\/post"}],"author":[{"embeddable":true,"href":"https:\/\/xn--huracnpolmicocancnquintanaroo-knc6wmu.com\/index.php?rest_route=\/wp\/v2\/users\/1"}],"replies":[{"embeddable":true,"href":"https:\/\/xn--huracnpolmicocancnquintanaroo-knc6wmu.com\/index.php?rest_route=%2Fwp%2Fv2%2Fcomments&post=24628"}],"version-history":[{"count":1,"href":"https:\/\/xn--huracnpolmicocancnquintanaroo-knc6wmu.com\/index.php?rest_route=\/wp\/v2\/posts\/24628\/revisions"}],"predecessor-version":[{"id":24629,"href":"https:\/\/xn--huracnpolmicocancnquintanaroo-knc6wmu.com\/index.php?rest_route=\/wp\/v2\/posts\/24628\/revisions\/24629"}],"wp:featuredmedia":[{"embeddable":true,"href":"https:\/\/xn--huracnpolmicocancnquintanaroo-knc6wmu.com\/index.php?rest_route=\/wp\/v2\/media\/24630"}],"wp:attachment":[{"href":"https:\/\/xn--huracnpolmicocancnquintanaroo-knc6wmu.com\/index.php?rest_route=%2Fwp%2Fv2%2Fmedia&parent=24628"}],"wp:term":[{"taxonomy":"category","embeddable":true,"href":"https:\/\/xn--huracnpolmicocancnquintanaroo-knc6wmu.com\/index.php?rest_route=%2Fwp%2Fv2%2Fcategories&post=24628"},{"taxonomy":"post_tag","embeddable":true,"href":"https:\/\/xn--huracnpolmicocancnquintanaroo-knc6wmu.com\/index.php?rest_route=%2Fwp%2Fv2%2Ftags&post=24628"}],"curies":[{"name":"wp","href":"https:\/\/api.w.org\/{rel}","templated":true}]}}