{"id":2528,"date":"2021-03-13T10:00:48","date_gmt":"2021-03-13T10:00:48","guid":{"rendered":"https:\/\/whatsappcancun.com\/?p=2528"},"modified":"2021-03-13T10:00:48","modified_gmt":"2021-03-13T10:00:48","slug":"yo-se-que-puedo-lograrlo-elisa-carrillo-tras-dar-positivo-a-covid-19","status":"publish","type":"post","link":"https:\/\/xn--huracnpolmicocancnquintanaroo-knc6wmu.com\/?p=2528","title":{"rendered":"Yo s\u00e9 que puedo lograrlo: Elisa Carrillo tras dar positivo a Covid-19"},"content":{"rendered":"<p><strong>M\u00c9XICO.-<\/strong>\u00a0La bailarina de ballet\u00a0<strong>Elisa Carrillo<\/strong>\u00a0confirm\u00f3 que ha dado positivo al virus del S<strong>ARS-CoV-2<\/strong>\u00a0e hizo un llamado a sus seguidores a reforzar las medidas de prevenci\u00f3n.<\/p>\n<p>&nbsp;<\/p>\n<p>Seg\u00fan inform\u00f3 la artista en su cuenta de\u00a0<strong>Twitter<\/strong>, este jueves sali\u00f3 positiva a la\u00a0<strong>Covid-19<\/strong>\u00a0tras realizarse la prueba.<\/p>\n<div id=\"horas-b6d901962c1d6515d436bac40e5dc585\" class=\"horas-b6d901962c1d6515d436bac40e5dc585 horas-content\"><\/div>\n<p>\u201cQueridos todos, quiero hacer de su conocimiento que sal\u00ed positiva al Covid. Esto, a pesar de haber seguido todas las indicaciones y los cuidados de las autoridades de salud. El virus es muy contagioso, con mucho cari\u00f1o y respeto invito a todo Mi M\u00e9xico y al mundo entero a duplicar las medidas de prevenci\u00f3n, por favor cu\u00eddense mucho, estoy segura que saldremos adelante. Con todo mi cari\u00f1o, Elisa\u201d, escribi\u00f3.<\/p>\n<div class=\"twitter-tweet twitter-tweet-rendered\"><iframe id=\"twitter-widget-0\" class=\"\" title=\"Twitter Tweet\" src=\"https:\/\/platform.twitter.com\/embed\/Tweet.html?creatorScreenName=24horasqroo&amp;dnt=false&amp;embedId=twitter-widget-0&amp;frame=false&amp;hideCard=false&amp;hideThread=false&amp;id=1370048900883746818&amp;lang=es&amp;origin=https%3A%2F%2Fwww.24horasqroo.mx%2Fespectaculos%2Fentretenimiento%2Fyo-se-que-puedo-lograrlo-elisa-carrillo-tras-dar-positivo-a-covid-19%2F&amp;siteScreenName=24horasqroo&amp;theme=light&amp;widgetsVersion=e1ffbdb%3A1614796141937&amp;width=550px\" frameborder=\"0\" scrolling=\"no\" allowfullscreen=\"allowfullscreen\" data-tweet-id=\"1370048900883746818\" data-mce-fragment=\"1\"><\/iframe><\/div>\n<p><iframe id=\"instagram-embed-0\" class=\"instagram-media instagram-media-rendered\" src=\"https:\/\/www.instagram.com\/p\/CMPsoaXnIOh\/embed\/captioned\/?cr=1&amp;v=13&amp;wp=540&amp;rd=https%3A%2F%2Fwww.24horasqroo.mx&amp;rp=%2Fespectaculos%2Fentretenimiento%2Fyo-se-que-puedo-lograrlo-elisa-carrillo-tras-dar-positivo-a-covid-19%2F#%7B%22ci%22%3A0%2C%22os%22%3A5082.66999999978%2C%22ls%22%3A2720.165000000634%2C%22le%22%3A2780.174999999872%7D\" height=\"775\" frameborder=\"0\" scrolling=\"no\" allowfullscreen=\"allowfullscreen\" data-instgrm-payload-id=\"instagram-media-payload-0\" data-mce-fragment=\"1\"><\/iframe><\/p>\n<p>Tras anunciar que era portadora de la enfermedad, Carrillo tambi\u00e9n se mostr\u00f3 positiva, pues asegur\u00f3 que saldr\u00e1 adelante muy pronto.<\/p>\n<p>\u201c<span class=\"css-901oao css-16my406 r-poiln3 r-bcqeeo r-qvutc0\">Si mi mente puede concebirlo y mi coraz\u00f3n lo puedo creer, yo s\u00e9 que puedo lograrlo con el apoyo y cari\u00f1o de todos ustedes<\/span>\u201c, agreg\u00f3 en otro tuit.<\/p>\n<div class=\"twitter-tweet twitter-tweet-rendered\"><iframe id=\"twitter-widget-1\" class=\"\" title=\"Twitter Tweet\" src=\"https:\/\/platform.twitter.com\/embed\/Tweet.html?creatorScreenName=24horasqroo&amp;dnt=false&amp;embedId=twitter-widget-1&amp;frame=false&amp;hideCard=false&amp;hideThread=false&amp;id=1370411877075914752&amp;lang=es&amp;origin=https%3A%2F%2Fwww.24horasqroo.mx%2Fespectaculos%2Fentretenimiento%2Fyo-se-que-puedo-lograrlo-elisa-carrillo-tras-dar-positivo-a-covid-19%2F&amp;siteScreenName=24horasqroo&amp;theme=light&amp;widgetsVersion=e1ffbdb%3A1614796141937&amp;width=550px\" frameborder=\"0\" scrolling=\"no\" allowfullscreen=\"allowfullscreen\" data-tweet-id=\"1370411877075914752\" data-mce-fragment=\"1\"><\/iframe><\/div>\n<p>&nbsp;<\/p>\n<div id=\"horas-0f2033f7d73a9c744b56ffce6b9cd0e9\" class=\"horas-0f2033f7d73a9c744b56ffce6b9cd0e9 horas-adsense-coincidente\"><\/div>\n<div id=\"horas-5799cca354e5f787cdd694ec322b5ac9\" class=\"horas-5799cca354e5f787cdd694ec322b5ac9 horas-notas-2\"><\/div>\n","protected":false},"excerpt":{"rendered":"<p>M\u00c9XICO.-\u00a0La bailarina de ballet\u00a0Elisa Carrillo\u00a0confirm\u00f3 que ha dado positivo al virus del SARS-CoV-2\u00a0e hizo un&#8230;<\/p>\n","protected":false},"author":1,"featured_media":2529,"comment_status":"open","ping_status":"open","sticky":false,"template":"","format":"standard","meta":{"footnotes":""},"categories":[9],"tags":[],"class_list":["post-2528","post","type-post","status-publish","format-standard","has-post-thumbnail","hentry","category-espectaculos"],"_links":{"self":[{"href":"https:\/\/xn--huracnpolmicocancnquintanaroo-knc6wmu.com\/index.php?rest_route=\/wp\/v2\/posts\/2528","targetHints":{"allow":["GET"]}}],"collection":[{"href":"https:\/\/xn--huracnpolmicocancnquintanaroo-knc6wmu.com\/index.php?rest_route=\/wp\/v2\/posts"}],"about":[{"href":"https:\/\/xn--huracnpolmicocancnquintanaroo-knc6wmu.com\/index.php?rest_route=\/wp\/v2\/types\/post"}],"author":[{"embeddable":true,"href":"https:\/\/xn--huracnpolmicocancnquintanaroo-knc6wmu.com\/index.php?rest_route=\/wp\/v2\/users\/1"}],"replies":[{"embeddable":true,"href":"https:\/\/xn--huracnpolmicocancnquintanaroo-knc6wmu.com\/index.php?rest_route=%2Fwp%2Fv2%2Fcomments&post=2528"}],"version-history":[{"count":0,"href":"https:\/\/xn--huracnpolmicocancnquintanaroo-knc6wmu.com\/index.php?rest_route=\/wp\/v2\/posts\/2528\/revisions"}],"wp:featuredmedia":[{"embeddable":true,"href":"https:\/\/xn--huracnpolmicocancnquintanaroo-knc6wmu.com\/index.php?rest_route=\/wp\/v2\/media\/2529"}],"wp:attachment":[{"href":"https:\/\/xn--huracnpolmicocancnquintanaroo-knc6wmu.com\/index.php?rest_route=%2Fwp%2Fv2%2Fmedia&parent=2528"}],"wp:term":[{"taxonomy":"category","embeddable":true,"href":"https:\/\/xn--huracnpolmicocancnquintanaroo-knc6wmu.com\/index.php?rest_route=%2Fwp%2Fv2%2Fcategories&post=2528"},{"taxonomy":"post_tag","embeddable":true,"href":"https:\/\/xn--huracnpolmicocancnquintanaroo-knc6wmu.com\/index.php?rest_route=%2Fwp%2Fv2%2Ftags&post=2528"}],"curies":[{"name":"wp","href":"https:\/\/api.w.org\/{rel}","templated":true}]}}