{"id":25456,"date":"2024-10-10T10:29:04","date_gmt":"2024-10-10T15:29:04","guid":{"rendered":"https:\/\/xn--huracnpolmicocancnquintanaroo-knc6wmu.com\/?p=25456"},"modified":"2024-10-10T15:29:05","modified_gmt":"2024-10-10T15:29:05","slug":"anuncia-claudia-sheinbaum-primera-visita-a-queretaro","status":"publish","type":"post","link":"https:\/\/xn--huracnpolmicocancnquintanaroo-knc6wmu.com\/?p=25456","title":{"rendered":"Anuncia Claudia Sheinbaum primera visita a Quer\u00e9taro"},"content":{"rendered":"<p>\ud83d\udd38La presidenta de M\u00e9xico llegar\u00e1 el pr\u00f3ximo domingo a la entidad para encabezar el inicio de los trabajos del tren M\u00e9xico-Quer\u00e9taro.<\/p>\n<p>#QUER\u00c9TARO | La presidenta de M\u00e9xico, Claudia Sheinbaum, confirm\u00f3 que el pr\u00f3ximo domingo 13 de octubre realizar\u00e1 su primera visita al estado de Quer\u00e9taro como mandataria federal. En conferencia matutina desde Palacio Nacional, la morenista inform\u00f3 que encabezar\u00e1 el inicio de los trabajos del tren M\u00e9xico-Quer\u00e9taro, uno de los principales proyectos de su Plan Nacional de Infraestructura.<\/p>\n<p>\u201cEl domingo vamos a Quer\u00e9taro, vamos a dar tambi\u00e9n banderazo de los estudios del Tren M\u00e9xico-Quer\u00e9taro\u201d, dijo,<\/p>\n<p>Al respecto, el gobernador Mauricio Kuri explic\u00f3 que la hora y lugar del evento se dar\u00e1n a conocer en breve, dado que contin\u00faan las labores de log\u00edstica. No obstante, celebr\u00f3 el comienzo de los trabajos del proyecto ferroviario, el cual, sostuvo, traer\u00e1 importantes beneficios econ\u00f3micos, de movilidad y de seguridad para la entidad.<\/p>\n<p>\u201cEn temas econ\u00f3micos (representar\u00e1) una gran oportunidad para empresas queretanas que puedan ser subcontratadas, una gran conectividad con la capital, en temas de seguridad, tambi\u00e9n porque la Carretera 57 est\u00e1 rebasada y siempre est\u00e1 en compostura, y creo que eso nos ayuda mucho\u201d, dijo.<\/p>\n<p>Kuri Gonz\u00e1lez apunt\u00f3 que en su reuni\u00f3n con la presidenta tambi\u00e9n buscar\u00e1 dar seguimiento a los proyectos planteados durante sus dos encuentros anteriores, los cuales van enfocados en materia de infraestructura, energ\u00eda y abasto de agua.<\/p>\n<p>De igual forma, reiter\u00f3 la disposici\u00f3n de su gobierno para apoyar los proyectos de la federaci\u00f3n, como el de las 15 mil viviendas que planea construir el Infonavit en Quer\u00e9taro para poblaciones vulnerables. Sobre esto \u00faltimo, se\u00f1al\u00f3 que la dependencia federal solicit\u00f3 la donaci\u00f3n de predios, lo cual, asegur\u00f3, se pondr\u00e1 en an\u00e1lisis.<\/p>\n<p>\u201cEs muy importante para Quer\u00e9taro que ya se empiecen a ver los proyectos y podernos sumar como estado para poder buscar esta conectividad que tiene much\u00edsimos a\u00f1os que se ha dicho para Quer\u00e9taro. Tenemos planteamientos de otros proyectos, muchas cuestiones que le presentamos cuando estuvimos con ella cuando tom\u00f3 protesta, son cosas que estaremos platicando con ella\u201d, sostuvo.<\/p>\n<p>El gobernador tambi\u00e9n habl\u00f3 del proyecto del libramiento de cuota entre Quer\u00e9taro y San Juan del R\u00edo, cuya licitaci\u00f3n fue otorgada el pasado 30 de septiembre a la empresa Omega. En ese sentido, explic\u00f3 que la siguiente etapa de la obra consistir\u00e1 en la liberaci\u00f3n del derecho de v\u00eda, cuyo costo ser\u00e1 asumido en su totalidad por la constructora.<\/p>\n","protected":false},"excerpt":{"rendered":"<p>\ud83d\udd38La presidenta de M\u00e9xico llegar\u00e1 el pr\u00f3ximo domingo a la entidad para encabezar el inicio&#8230;<\/p>\n","protected":false},"author":1,"featured_media":25458,"comment_status":"open","ping_status":"closed","sticky":false,"template":"","format":"standard","meta":{"footnotes":""},"categories":[61],"tags":[],"class_list":["post-25456","post","type-post","status-publish","format-standard","has-post-thumbnail","hentry","category-queretaro"],"_links":{"self":[{"href":"https:\/\/xn--huracnpolmicocancnquintanaroo-knc6wmu.com\/index.php?rest_route=\/wp\/v2\/posts\/25456","targetHints":{"allow":["GET"]}}],"collection":[{"href":"https:\/\/xn--huracnpolmicocancnquintanaroo-knc6wmu.com\/index.php?rest_route=\/wp\/v2\/posts"}],"about":[{"href":"https:\/\/xn--huracnpolmicocancnquintanaroo-knc6wmu.com\/index.php?rest_route=\/wp\/v2\/types\/post"}],"author":[{"embeddable":true,"href":"https:\/\/xn--huracnpolmicocancnquintanaroo-knc6wmu.com\/index.php?rest_route=\/wp\/v2\/users\/1"}],"replies":[{"embeddable":true,"href":"https:\/\/xn--huracnpolmicocancnquintanaroo-knc6wmu.com\/index.php?rest_route=%2Fwp%2Fv2%2Fcomments&post=25456"}],"version-history":[{"count":1,"href":"https:\/\/xn--huracnpolmicocancnquintanaroo-knc6wmu.com\/index.php?rest_route=\/wp\/v2\/posts\/25456\/revisions"}],"predecessor-version":[{"id":25457,"href":"https:\/\/xn--huracnpolmicocancnquintanaroo-knc6wmu.com\/index.php?rest_route=\/wp\/v2\/posts\/25456\/revisions\/25457"}],"wp:featuredmedia":[{"embeddable":true,"href":"https:\/\/xn--huracnpolmicocancnquintanaroo-knc6wmu.com\/index.php?rest_route=\/wp\/v2\/media\/25458"}],"wp:attachment":[{"href":"https:\/\/xn--huracnpolmicocancnquintanaroo-knc6wmu.com\/index.php?rest_route=%2Fwp%2Fv2%2Fmedia&parent=25456"}],"wp:term":[{"taxonomy":"category","embeddable":true,"href":"https:\/\/xn--huracnpolmicocancnquintanaroo-knc6wmu.com\/index.php?rest_route=%2Fwp%2Fv2%2Fcategories&post=25456"},{"taxonomy":"post_tag","embeddable":true,"href":"https:\/\/xn--huracnpolmicocancnquintanaroo-knc6wmu.com\/index.php?rest_route=%2Fwp%2Fv2%2Ftags&post=25456"}],"curies":[{"name":"wp","href":"https:\/\/api.w.org\/{rel}","templated":true}]}}