{"id":25664,"date":"2024-10-21T09:26:20","date_gmt":"2024-10-21T14:26:20","guid":{"rendered":"https:\/\/xn--huracnpolmicocancnquintanaroo-knc6wmu.com\/?p=25664"},"modified":"2024-10-21T14:26:22","modified_gmt":"2024-10-21T14:26:22","slug":"dante-delgado-revela-que-fue-diagnosticado-con-cancer-de-estomago","status":"publish","type":"post","link":"https:\/\/xn--huracnpolmicocancnquintanaroo-knc6wmu.com\/?p=25664","title":{"rendered":"Dante Delgado revela que fue diagnosticado con c\u00e1ncer de est\u00f3mago"},"content":{"rendered":"<p>\ud83d\udd38 El dirigente nacional de Movimiento Ciudadano comparti\u00f3 su diagn\u00f3stico en la IV Convenci\u00f3n Estatal del partido, en Xalapa, destacando su compromiso pol\u00edtico y su reciente recuperaci\u00f3n tras una intervenci\u00f3n quir\u00fargica exitosa<\/p>\n<p>#NACIONAL | Dante Delgado, dirigente nacional del partido Movimiento Ciudadano (MC), revel\u00f3 que fue diagnosticado con c\u00e1ncer de est\u00f3mago.<\/p>\n<p>Durante la IV Convenci\u00f3n Estatal de Movimiento Ciudadano, la cual se celebr\u00f3 en Xalapa, Veracruz, el dirigente partidista revel\u00f3 su padecimiento.<\/p>\n<p>\u201cAntes de que me dijera el doctor que ten\u00eda un problema de c\u00e1ncer en el est\u00f3mago, hab\u00eda programado eventos con la anuencia de la Comisi\u00f3n Operativa Nacional, entonces programamos estar tambi\u00e9n en una relaci\u00f3n familiar el viernes 18, y ah\u00ed tener este evento\u201d, expres\u00f3 Dante Delgado.<\/p>\n<p>Con voz baja, el l\u00edder de MC revel\u00f3 que atendi\u00f3 un tema familiar en Veracruz el viernes y un tema institucional en la Ciudad de M\u00e9xico el s\u00e1bado, para despu\u00e9s regresar, nuevamente, al estado del que fue gobernador interino para participar en la convenci\u00f3n del partido y quiz\u00e1 quedarse algunos d\u00edas m\u00e1s.<\/p>\n<p>Pese a que no abund\u00f3 m\u00e1s respecto a su padecimiento, el pasado 21 de agosto Dante Delgado hab\u00eda informado en redes sociales que se hab\u00eda sometido a constantes revisiones m\u00e9dicas preventivas y tratamiento, debido a antecedentes familiares de enfermedades relacionadas con el c\u00e1ncer.<\/p>\n<p>\u201cDerivado del \u00faltimo an\u00e1lisis cl\u00ednico, los m\u00e9dicos recomendaron realizar una intervenci\u00f3n quir\u00fargica que se realiz\u00f3 con \u00e9xito el pasado mi\u00e9rcoles 14 de agosto. Me complace informarles a ustedes que el d\u00eda de ayer fui dado de alta\u201d, escribi\u00f3 en ese entonces el l\u00edder del MC.<\/p>\n<p>Dante Delgado aprovech\u00f3, entonces, para reconocer a los m\u00e9dicos Carlos Chan N\u00fa\u00f1ez, Alejandro Alfaro, a su equipo de trabajo, al Hospital M\u00e9dica Sur y a todo su personal m\u00e9dico y de enfermer\u00eda, \u201cpor la atenci\u00f3n profesional y humana que me brindaron. Estoy sinceramente agradecido con todos y todas ellas\u201d.<\/p>\n","protected":false},"excerpt":{"rendered":"<p>\ud83d\udd38 El dirigente nacional de Movimiento Ciudadano comparti\u00f3 su diagn\u00f3stico en la IV Convenci\u00f3n Estatal&#8230;<\/p>\n","protected":false},"author":1,"featured_media":25666,"comment_status":"open","ping_status":"closed","sticky":false,"template":"","format":"standard","meta":{"footnotes":""},"categories":[12],"tags":[],"class_list":["post-25664","post","type-post","status-publish","format-standard","has-post-thumbnail","hentry","category-nacional"],"_links":{"self":[{"href":"https:\/\/xn--huracnpolmicocancnquintanaroo-knc6wmu.com\/index.php?rest_route=\/wp\/v2\/posts\/25664","targetHints":{"allow":["GET"]}}],"collection":[{"href":"https:\/\/xn--huracnpolmicocancnquintanaroo-knc6wmu.com\/index.php?rest_route=\/wp\/v2\/posts"}],"about":[{"href":"https:\/\/xn--huracnpolmicocancnquintanaroo-knc6wmu.com\/index.php?rest_route=\/wp\/v2\/types\/post"}],"author":[{"embeddable":true,"href":"https:\/\/xn--huracnpolmicocancnquintanaroo-knc6wmu.com\/index.php?rest_route=\/wp\/v2\/users\/1"}],"replies":[{"embeddable":true,"href":"https:\/\/xn--huracnpolmicocancnquintanaroo-knc6wmu.com\/index.php?rest_route=%2Fwp%2Fv2%2Fcomments&post=25664"}],"version-history":[{"count":1,"href":"https:\/\/xn--huracnpolmicocancnquintanaroo-knc6wmu.com\/index.php?rest_route=\/wp\/v2\/posts\/25664\/revisions"}],"predecessor-version":[{"id":25665,"href":"https:\/\/xn--huracnpolmicocancnquintanaroo-knc6wmu.com\/index.php?rest_route=\/wp\/v2\/posts\/25664\/revisions\/25665"}],"wp:featuredmedia":[{"embeddable":true,"href":"https:\/\/xn--huracnpolmicocancnquintanaroo-knc6wmu.com\/index.php?rest_route=\/wp\/v2\/media\/25666"}],"wp:attachment":[{"href":"https:\/\/xn--huracnpolmicocancnquintanaroo-knc6wmu.com\/index.php?rest_route=%2Fwp%2Fv2%2Fmedia&parent=25664"}],"wp:term":[{"taxonomy":"category","embeddable":true,"href":"https:\/\/xn--huracnpolmicocancnquintanaroo-knc6wmu.com\/index.php?rest_route=%2Fwp%2Fv2%2Fcategories&post=25664"},{"taxonomy":"post_tag","embeddable":true,"href":"https:\/\/xn--huracnpolmicocancnquintanaroo-knc6wmu.com\/index.php?rest_route=%2Fwp%2Fv2%2Ftags&post=25664"}],"curies":[{"name":"wp","href":"https:\/\/api.w.org\/{rel}","templated":true}]}}