{"id":25724,"date":"2024-10-22T10:22:17","date_gmt":"2024-10-22T15:22:17","guid":{"rendered":"https:\/\/xn--huracnpolmicocancnquintanaroo-knc6wmu.com\/?p=25724"},"modified":"2024-10-22T15:22:18","modified_gmt":"2024-10-22T15:22:18","slug":"ciudad-de-mexico-se-prepara-para-el-dia-de-muertos-preven-7-millones-de-personas-e-ingresos-por-100-millones-de-dolares","status":"publish","type":"post","link":"https:\/\/xn--huracnpolmicocancnquintanaroo-knc6wmu.com\/?p=25724","title":{"rendered":"Ciudad de M\u00e9xico se prepara para el D\u00eda de Muertos: prev\u00e9n 7 millones de personas e ingresos por 100 millones de d\u00f3lares."},"content":{"rendered":"<p>\ud83d\udd38 Tan s\u00f3lo este fin de semana se tiene un registro de la ocupaci\u00f3n hotelera de m\u00e1s del 80%, lo que significa 10% m\u00e1s que el a\u00f1o anterior.<\/p>\n<p>#CDMX | La capital mexicana se prepara para las celebraciones del D\u00eda de Muertos, con una participaci\u00f3n estimada de siete millones de personas e ingresos econ\u00f3micos de m\u00e1s de 2 mil millones de pesos (100 millones de d\u00f3lares), seg\u00fan informaron las autoridades locales.<\/p>\n<p>&#8220;Calculamos 7 millones de personas, y nos vamos muy abajo, de la participaci\u00f3n ciudadana en estos d\u00edas&#8221;, indic\u00f3 jefa de Gobierno de la Ciudad de M\u00e9xico, Clara Brugada.<\/p>\n<p>La secretaria de Turismo de la capital, Alejandra Frausto, agreg\u00f3 que se prev\u00e9n ingresos econ\u00f3micos &#8220;de m\u00e1s de 2 mil millones de pesos (100 millones de d\u00f3lares) en la ciudad para todas aquellas personas que se dedican a recibir y a tratar bien al turismo que viene de otras partes del pa\u00eds y de otras partes del mundo&#8221;.<\/p>\n<p>Frausto destac\u00f3 que para este fin de semana se tiene un registro de la ocupaci\u00f3n hotelera de m\u00e1s del 80%, lo que significa 10% m\u00e1s que el a\u00f1o anterior.<\/p>\n<p>Adem\u00e1s, Brugada apunt\u00f3 que la ciudad se alista para el tradicional &#8220;Desfile de Catrinas&#8221; este domingo 27, de las 6:30 de la tarde del \u00c1ngel de la Independencia al Z\u00f3calo capitalino.<\/p>\n<p>Asimismo, el mi\u00e9rcoles 30 se realizar\u00e1 el encendido del alumbrado decorativo en edificios y la inauguraci\u00f3n de la &#8220;Ofrenda Monumental&#8221; en el Z\u00f3calo; y el 2 de noviembre se llevar\u00e1 a cabo el &#8220;Gran Desfile de D\u00eda de Muertos&#8221;, a las 2:00 de la tarde.<\/p>\n<p>Tambi\u00e9n invit\u00f3 a los ciudadanos a la exhibici\u00f3n en la Avenida Paseo de la Reforma de m\u00e1s de 140 productores de las tradicionales flores de cempas\u00fachil, que representan 420 unidades productivas y aproximadamente 5 mil familias dedicadas al cultivo.<\/p>\n<p>Considerada desde 2003 por la Unesco como patrimonio oral e inmaterial de la humanidad, la celebraci\u00f3n del D\u00eda de Muertos, que conmemora el 1 y de 2 noviembre, es una de las tradiciones mexicanas m\u00e1s significativas.<\/p>\n","protected":false},"excerpt":{"rendered":"<p>\ud83d\udd38 Tan s\u00f3lo este fin de semana se tiene un registro de la ocupaci\u00f3n hotelera&#8230;<\/p>\n","protected":false},"author":1,"featured_media":25726,"comment_status":"open","ping_status":"closed","sticky":false,"template":"","format":"standard","meta":{"footnotes":""},"categories":[49],"tags":[],"class_list":["post-25724","post","type-post","status-publish","format-standard","has-post-thumbnail","hentry","category-cdmx"],"_links":{"self":[{"href":"https:\/\/xn--huracnpolmicocancnquintanaroo-knc6wmu.com\/index.php?rest_route=\/wp\/v2\/posts\/25724","targetHints":{"allow":["GET"]}}],"collection":[{"href":"https:\/\/xn--huracnpolmicocancnquintanaroo-knc6wmu.com\/index.php?rest_route=\/wp\/v2\/posts"}],"about":[{"href":"https:\/\/xn--huracnpolmicocancnquintanaroo-knc6wmu.com\/index.php?rest_route=\/wp\/v2\/types\/post"}],"author":[{"embeddable":true,"href":"https:\/\/xn--huracnpolmicocancnquintanaroo-knc6wmu.com\/index.php?rest_route=\/wp\/v2\/users\/1"}],"replies":[{"embeddable":true,"href":"https:\/\/xn--huracnpolmicocancnquintanaroo-knc6wmu.com\/index.php?rest_route=%2Fwp%2Fv2%2Fcomments&post=25724"}],"version-history":[{"count":1,"href":"https:\/\/xn--huracnpolmicocancnquintanaroo-knc6wmu.com\/index.php?rest_route=\/wp\/v2\/posts\/25724\/revisions"}],"predecessor-version":[{"id":25725,"href":"https:\/\/xn--huracnpolmicocancnquintanaroo-knc6wmu.com\/index.php?rest_route=\/wp\/v2\/posts\/25724\/revisions\/25725"}],"wp:featuredmedia":[{"embeddable":true,"href":"https:\/\/xn--huracnpolmicocancnquintanaroo-knc6wmu.com\/index.php?rest_route=\/wp\/v2\/media\/25726"}],"wp:attachment":[{"href":"https:\/\/xn--huracnpolmicocancnquintanaroo-knc6wmu.com\/index.php?rest_route=%2Fwp%2Fv2%2Fmedia&parent=25724"}],"wp:term":[{"taxonomy":"category","embeddable":true,"href":"https:\/\/xn--huracnpolmicocancnquintanaroo-knc6wmu.com\/index.php?rest_route=%2Fwp%2Fv2%2Fcategories&post=25724"},{"taxonomy":"post_tag","embeddable":true,"href":"https:\/\/xn--huracnpolmicocancnquintanaroo-knc6wmu.com\/index.php?rest_route=%2Fwp%2Fv2%2Ftags&post=25724"}],"curies":[{"name":"wp","href":"https:\/\/api.w.org\/{rel}","templated":true}]}}