{"id":25876,"date":"2024-10-30T10:38:20","date_gmt":"2024-10-30T15:38:20","guid":{"rendered":"https:\/\/xn--huracnpolmicocancnquintanaroo-knc6wmu.com\/?p=25876"},"modified":"2024-10-30T15:38:21","modified_gmt":"2024-10-30T15:38:21","slug":"hallan-cuerpos-en-inundaciones-por-lluvias-torrenciales-en-espana","status":"publish","type":"post","link":"https:\/\/xn--huracnpolmicocancnquintanaroo-knc6wmu.com\/?p=25876","title":{"rendered":"Hallan cuerpos en inundaciones por lluvias torrenciales en Espa\u00f1a."},"content":{"rendered":"<p>\ud83d\udd38 Las fuertes lluvias azotaron gran parte del este y sur de Espa\u00f1a, donde se registraron inundaciones que interrumpieron el transporte ferroviario y a\u00e9reo.<\/p>\n<p>#INTERNACIONAL | Varios cuerpos fueron recuperados por los servicios de emergencia en la regi\u00f3n espa\u00f1ola de Valencia, Espa\u00f1a, despu\u00e9s de lluvias torrenciales que provocaron inundaciones repentinas, inform\u00f3 el jefe del gobierno regional.<\/p>\n<p>Siete personas est\u00e1n desaparecidas en Espa\u00f1a tras las lluvias. &#8220;El problema m\u00e1s importante es encontrar a esas personas que faltan&#8221;, asegur\u00f3. La polic\u00eda de la localidad de L&#8217;Alcudia, en la regi\u00f3n oriental de Valencia, indic\u00f3 que tambi\u00e9n se est\u00e1 buscando a un camionero desaparecido desde las primeras horas de la tarde.<\/p>\n<p>Tanto usuarios de redes sociales como expertos han asegurado que las im\u00e1genes de las inundaciones en Valencia son desoladoras: autos hundido, edificios anegados e incluso cuerpos flotando.<\/p>\n<p>&#8220;Podemos confirmar que se han hallado algunos cad\u00e1veres&#8221;, declar\u00f3 a periodistas Carlos Maz\u00f3n, presidente del gobierno regional de Valencia. Agreg\u00f3 que las autoridades no pueden dar m\u00e1s detalles hasta que se informe a las familias de las v\u00edctimas.<\/p>\n<p>Las fuertes lluvias azotaron el martes gran parte del este y sur de Espa\u00f1a, donde se registraron inundaciones que interrumpieron el transporte ferroviario y a\u00e9reo y dejaron siete personas desaparecidas.<\/p>\n<p>Las embravecidas aguas irrumpieron en las calles de la localidad de Letur, en la provincia oriental de Albacete, arrastrando autom\u00f3viles por las calles, seg\u00fan im\u00e1genes emitidas por la televisi\u00f3n espa\u00f1ola.<\/p>\n<p>Los servicios de emergencia buscaban a seis personas desaparecidas tras las inundaciones repentinas en la ciudad, declar\u00f3 la delegada del gobierno central en la regi\u00f3n de Castilla-La Mancha, Milagros Tol\u00f3n, a la cadena p\u00fablica TVE.<\/p>\n<p>&#8220;El problema m\u00e1s importante es encontrar a esas personas que faltan&#8221;, asegur\u00f3.<\/p>\n<p>La polic\u00eda de la localidad de L&#8217;Alcudia, en la regi\u00f3n oriental de Valencia, indic\u00f3 que tambi\u00e9n se est\u00e1 buscando a un camionero desaparecido desde primera hora de la tarde.<\/p>\n<p>En algunas zonas cay\u00f3 en un d\u00eda la cantidad de lluvia que suele caer en un mes, seg\u00fan medios locales.<\/p>\n<p>&#8220;Estamos ante una situaci\u00f3n in\u00e9dita, que nadie recuerda&#8221;, asegur\u00f3 el jefe del gobierno de Valencia.<\/p>\n<p>Maz\u00f3n asegur\u00f3 que los rescatistas luchan por alcanzar a las personas atrapadas por las inundaciones.<\/p>\n<p>&#8220;Las personas que est\u00e9n ahora mismo paradas o bloqueadas sepan que se va a llegar y que, si no se ha llegado, no es por falta de medios ni por falta de predisposici\u00f3n ni por falta de capacidad, porque la capacidad es toda para poder acceder. Es un problema de acceso todav\u00eda&#8221;, explic\u00f3.<\/p>\n<p>El gobierno central espa\u00f1ol anunci\u00f3 que conform\u00f3 un comit\u00e9 de crisis que se reuni\u00f3 la noche del pasado martes para evaluar las respuesta a la tormenta.<\/p>\n<p>&#8220;Sigo de cerca y con preocupaci\u00f3n las informaciones sobre las personas desaparecidas y los da\u00f1os causados&#8221; por la tormenta, escribi\u00f3 en X el presidente del gobierno, Pedro S\u00e1nchez, instando a la poblaci\u00f3n a seguir los consejos de las autoridades.<\/p>\n","protected":false},"excerpt":{"rendered":"<p>\ud83d\udd38 Las fuertes lluvias azotaron gran parte del este y sur de Espa\u00f1a, donde se&#8230;<\/p>\n","protected":false},"author":1,"featured_media":25878,"comment_status":"open","ping_status":"closed","sticky":false,"template":"","format":"standard","meta":{"footnotes":""},"categories":[11],"tags":[],"class_list":["post-25876","post","type-post","status-publish","format-standard","has-post-thumbnail","hentry","category-internacional"],"_links":{"self":[{"href":"https:\/\/xn--huracnpolmicocancnquintanaroo-knc6wmu.com\/index.php?rest_route=\/wp\/v2\/posts\/25876","targetHints":{"allow":["GET"]}}],"collection":[{"href":"https:\/\/xn--huracnpolmicocancnquintanaroo-knc6wmu.com\/index.php?rest_route=\/wp\/v2\/posts"}],"about":[{"href":"https:\/\/xn--huracnpolmicocancnquintanaroo-knc6wmu.com\/index.php?rest_route=\/wp\/v2\/types\/post"}],"author":[{"embeddable":true,"href":"https:\/\/xn--huracnpolmicocancnquintanaroo-knc6wmu.com\/index.php?rest_route=\/wp\/v2\/users\/1"}],"replies":[{"embeddable":true,"href":"https:\/\/xn--huracnpolmicocancnquintanaroo-knc6wmu.com\/index.php?rest_route=%2Fwp%2Fv2%2Fcomments&post=25876"}],"version-history":[{"count":1,"href":"https:\/\/xn--huracnpolmicocancnquintanaroo-knc6wmu.com\/index.php?rest_route=\/wp\/v2\/posts\/25876\/revisions"}],"predecessor-version":[{"id":25877,"href":"https:\/\/xn--huracnpolmicocancnquintanaroo-knc6wmu.com\/index.php?rest_route=\/wp\/v2\/posts\/25876\/revisions\/25877"}],"wp:featuredmedia":[{"embeddable":true,"href":"https:\/\/xn--huracnpolmicocancnquintanaroo-knc6wmu.com\/index.php?rest_route=\/wp\/v2\/media\/25878"}],"wp:attachment":[{"href":"https:\/\/xn--huracnpolmicocancnquintanaroo-knc6wmu.com\/index.php?rest_route=%2Fwp%2Fv2%2Fmedia&parent=25876"}],"wp:term":[{"taxonomy":"category","embeddable":true,"href":"https:\/\/xn--huracnpolmicocancnquintanaroo-knc6wmu.com\/index.php?rest_route=%2Fwp%2Fv2%2Fcategories&post=25876"},{"taxonomy":"post_tag","embeddable":true,"href":"https:\/\/xn--huracnpolmicocancnquintanaroo-knc6wmu.com\/index.php?rest_route=%2Fwp%2Fv2%2Ftags&post=25876"}],"curies":[{"name":"wp","href":"https:\/\/api.w.org\/{rel}","templated":true}]}}