{"id":25882,"date":"2024-10-30T10:42:39","date_gmt":"2024-10-30T15:42:39","guid":{"rendered":"https:\/\/xn--huracnpolmicocancnquintanaroo-knc6wmu.com\/?p=25882"},"modified":"2024-10-30T15:42:40","modified_gmt":"2024-10-30T15:42:40","slug":"el-vaticano-presenta-a-luce-la-nueva-mascota-del-jubileo","status":"publish","type":"post","link":"https:\/\/xn--huracnpolmicocancnquintanaroo-knc6wmu.com\/?p=25882","title":{"rendered":"El Vaticano presenta a Luce, la nueva mascota del Jubileo"},"content":{"rendered":"<p>\ud83d\udd38 Caracterizada por su impermeable amarillo, botas manchadas de barro y una cruz de peregrino, simboliza una gu\u00eda hacia la fe y la esperanza para quienes emprendan el camino del Jubileo.<\/p>\n<p>#INTERNACIONAL | A pocos meses del Jubileo 2025, el Vaticano ha creado una mascota animada que ser\u00e1 la imagen simb\u00f3lica de este A\u00f1o Santo. La nueva figura, llamada Luce, que en italiano significa &#8216;luz&#8217;, busca conectar con los j\u00f3venes y acompa\u00f1ar a los visitantes durante el evento.<\/p>\n<p>El arzobispo Rino Fisichella, responsable de la organizaci\u00f3n del Jubileo, explic\u00f3 que Luce es parte de un esfuerzo del Vaticano por acercarse a la cultura pop, especialmente valorada por las nuevas generaciones.<\/p>\n<p>Esta semana, Luce debutar\u00e1 en Lucca Comics and Games, una destacada convenci\u00f3n italiana de cultura pop, donde el Vaticano tendr\u00e1 un espacio especial titulado \u00abLuce y sus amigos\u00bb. Esta es la primera vez que un organismo del Vaticano participa en un evento de c\u00f3mics, y Fisichella expres\u00f3 su esperanza de que esta oportunidad permita transmitir un mensaje de esperanza a los j\u00f3venes.<\/p>\n<p>Luce, caracterizada por su impermeable amarillo, botas manchadas de barro y una cruz de peregrino, representa una gu\u00eda hacia la fe y la esperanza para quienes emprendan el camino del Jubileo. Acompa\u00f1ada de su perro Santino, su mirada est\u00e1 decorada con conchas de vieira, un s\u00edmbolo asociado a las peregrinaciones del Camino de Santiago.<\/p>\n<p>Adem\u00e1s, Luce ser\u00e1 la imagen oficial del pabell\u00f3n de la Santa Sede en la Expo 2025 de Osaka, Jap\u00f3n, representando el lema \u00abLa belleza trae esperanza\u00bb junto con la obra \u00abEl entierro de Cristo\u00bb de Caravaggio, cedida temporalmente por los Museos Vaticanos para la ocasi\u00f3n.<\/p>\n<p>El dise\u00f1o de Luce estuvo a cargo de Simone Legno, cofundador de la marca de cultura pop tokidoki, quien tambi\u00e9n cre\u00f3 otros personajes inspirados en la peregrinaci\u00f3n: Fe, Xin y Sky, todos vestidos con chubasqueros coloridos. Legno expres\u00f3 su agradecimiento al Vaticano por su apertura hacia la cultura pop y destac\u00f3 que espera que Luce pueda resonar con los sentimientos de las nuevas generaciones.<\/p>\n<p>El Jubileo, un a\u00f1o santo de gracia y peregrinaci\u00f3n, se celebra cada 25 a\u00f1os, aunque el Papa puede convocar jubileos extraordinarios como el A\u00f1o de la Misericordia en 2016. Durante la preparaci\u00f3n para el A\u00f1o Santo, el Vaticano ha programado varios eventos culturales, como un concierto de la Sinfon\u00eda No. 5 de Shostakovich el 3 de noviembre y una exhibici\u00f3n de la pintura \u00abCrucifixi\u00f3n Blanca\u00bb de Marc Chagall en Roma a partir del 27 de noviembre.<\/p>\n<p>El A\u00f1o Santo comenzar\u00e1 oficialmente en la v\u00edspera de Navidad de 2024 con la apertura de la Puerta Santa en la bas\u00edlica de San Pedro, y se espera que atraiga a unos 30 millones de peregrinos hasta su cierre el 6 de enero de 2026.<\/p>\n","protected":false},"excerpt":{"rendered":"<p>\ud83d\udd38 Caracterizada por su impermeable amarillo, botas manchadas de barro y una cruz de peregrino,&#8230;<\/p>\n","protected":false},"author":1,"featured_media":25884,"comment_status":"open","ping_status":"closed","sticky":false,"template":"","format":"standard","meta":{"footnotes":""},"categories":[11],"tags":[],"class_list":["post-25882","post","type-post","status-publish","format-standard","has-post-thumbnail","hentry","category-internacional"],"_links":{"self":[{"href":"https:\/\/xn--huracnpolmicocancnquintanaroo-knc6wmu.com\/index.php?rest_route=\/wp\/v2\/posts\/25882","targetHints":{"allow":["GET"]}}],"collection":[{"href":"https:\/\/xn--huracnpolmicocancnquintanaroo-knc6wmu.com\/index.php?rest_route=\/wp\/v2\/posts"}],"about":[{"href":"https:\/\/xn--huracnpolmicocancnquintanaroo-knc6wmu.com\/index.php?rest_route=\/wp\/v2\/types\/post"}],"author":[{"embeddable":true,"href":"https:\/\/xn--huracnpolmicocancnquintanaroo-knc6wmu.com\/index.php?rest_route=\/wp\/v2\/users\/1"}],"replies":[{"embeddable":true,"href":"https:\/\/xn--huracnpolmicocancnquintanaroo-knc6wmu.com\/index.php?rest_route=%2Fwp%2Fv2%2Fcomments&post=25882"}],"version-history":[{"count":1,"href":"https:\/\/xn--huracnpolmicocancnquintanaroo-knc6wmu.com\/index.php?rest_route=\/wp\/v2\/posts\/25882\/revisions"}],"predecessor-version":[{"id":25883,"href":"https:\/\/xn--huracnpolmicocancnquintanaroo-knc6wmu.com\/index.php?rest_route=\/wp\/v2\/posts\/25882\/revisions\/25883"}],"wp:featuredmedia":[{"embeddable":true,"href":"https:\/\/xn--huracnpolmicocancnquintanaroo-knc6wmu.com\/index.php?rest_route=\/wp\/v2\/media\/25884"}],"wp:attachment":[{"href":"https:\/\/xn--huracnpolmicocancnquintanaroo-knc6wmu.com\/index.php?rest_route=%2Fwp%2Fv2%2Fmedia&parent=25882"}],"wp:term":[{"taxonomy":"category","embeddable":true,"href":"https:\/\/xn--huracnpolmicocancnquintanaroo-knc6wmu.com\/index.php?rest_route=%2Fwp%2Fv2%2Fcategories&post=25882"},{"taxonomy":"post_tag","embeddable":true,"href":"https:\/\/xn--huracnpolmicocancnquintanaroo-knc6wmu.com\/index.php?rest_route=%2Fwp%2Fv2%2Ftags&post=25882"}],"curies":[{"name":"wp","href":"https:\/\/api.w.org\/{rel}","templated":true}]}}