{"id":2594,"date":"2021-03-24T21:00:09","date_gmt":"2021-03-24T21:00:09","guid":{"rendered":"https:\/\/whatsappcancun.com\/?p=2594"},"modified":"2021-03-24T21:00:09","modified_gmt":"2021-03-24T21:00:09","slug":"nuevo-record-para-danna-paola-es-la-mexicana-con-mas-seguidores-en-instagram","status":"publish","type":"post","link":"https:\/\/xn--huracnpolmicocancnquintanaroo-knc6wmu.com\/?p=2594","title":{"rendered":"NUEVO R\u00c9CORD PARA DANNA PAOLA: ES LA MEXICANA CON M\u00c1S SEGUIDORES EN INSTAGRAM"},"content":{"rendered":"<h2>A su corta edad, Danna Paola cuenta con 20 a\u00f1os de trayectoria en la industria del entretenimiento<\/h2>\n<p>Danna Paola\u00a0<strong>es la nueva reina de Instagram<\/strong>. La int\u00e9rprete de<strong>\u00a0\u201cMala Fama\u201d<\/strong>\u00a0se convirti\u00f3 en\u00a0<strong>la primera cantante mexicana<\/strong>\u00a0que alcanz\u00f3 los\u00a0<strong>30 millones de seguidores en Instagram<\/strong>.<\/p>\n<p>La tambi\u00e9n actriz, que a su corta edad cuenta con<strong>\u00a0m\u00e1s de 20 a\u00f1os de trayectoria<\/strong>\u00a0debido a que se inici\u00f3 desde peque\u00f1a en la industria del entretenimiento,\u00a0<strong>rompi\u00f3 r\u00e9cord\u00a0<\/strong>con la nueva cifra de sus seguidores en la red social. Una de las telenovelas m\u00e1s exitosas de\u00a0<strong>Danna Paola<\/strong>, en su etapa de estrella infantil fue\u00a0\u201cAmy, la Ni\u00f1a de la Mochila Azul\u201d en donde comparti\u00f3 cr\u00e9ditos con su gran amigo, Alejandro Speitzer.<\/p>\n<p>Este fin de semana,\u00a0<strong>Danna Paola<\/strong>\u00a0se convirti\u00f3 en la\u00a0<strong>primera cantante mexicana con 30 millones de seguidores en Instagram<\/strong>, r\u00e9cord al que varios influencers aspiran llegar. Su reciente participaci\u00f3n en la serie \u201c\u00c9lite\u201d aument\u00f3 su fama internacional y la hizo ganar fans de diferentes partes del mundo.<\/p>\n<h2>Danna Paola y el sorpresivo reencuentro con sus compa\u00f1eros de \u201c\u00c9lite\u201d<\/h2>\n<p>La nueva cifra de seguidores que\u00a0<strong>Danna Paola\u00a0<\/strong>alcanz\u00f3 en Instagram llega cuando la cantante se encuentra en\u00a0<strong>Espa\u00f1a<\/strong>. Comparti\u00f3 en la red social, fotos del que fue el sorpresivo reencuentro con sus compa\u00f1eros de\u00a0<strong>\u201c\u00c9lite\u201d<\/strong>.<\/p>\n<p>Su visita a\u00a0<strong>Madrid<\/strong>, se debe a que ser\u00e1 la invitada especial del programa \u201cEl Hormiguero\u201d y aprovech\u00f3 el momento para reunirse con los actores Claudia Salas, Omar Ayuso y Mina El Hammani.<\/p>\n<p>En la capital espa\u00f1ola,\u00a0<strong>Danna Paola<\/strong>\u00a0tambi\u00e9n ofrecer\u00e1 un concierto en l\u00ednea el pr\u00f3ximo mi\u00e9rcoles.<\/p>\n<h2>Danna Paola y sus 20 a\u00f1os de trayectoria<\/h2>\n<p>Las primeras apariciones de\u00a0<strong>Danna Paola<\/strong>\u00a0en la TV fue como estrella infantil de las telenovelas<strong>\u00a0\u201cMar\u00eda Bel\u00e9n\u201d<\/strong>\u00a0y\u00a0<strong>\u201cAmy, la Ni\u00f1a de la Mochila Azul\u201d<\/strong>.<\/p>\n<p>A los 14 a\u00f1os protagoniz\u00f3\u00a0<strong>\u201cAtr\u00e9vete a So\u00f1ar\u201d<\/strong>\u00a0junto a Eleazar G\u00f3mez y Violeta Isfel.<\/p>\n<p>Otro de sus logros m\u00e1s grandes ocurri\u00f3 cuando particip\u00f3 en el\u00a0<strong>musical \u201cWicked\u201d\u00a0<\/strong>donde interpret\u00f3 a una bruja verde.<\/p>\n<p>En 2018 se sum\u00f3 al elenco de la serie espa\u00f1ola\u00a0<strong>\u201c\u00c9lite\u201d<\/strong>\u00a0y un a\u00f1o despu\u00e9s fue juez del reality musical\u00a0<strong>\u201cLa Academia\u201d.<\/strong><\/p>\n","protected":false},"excerpt":{"rendered":"<p>A su corta edad, Danna Paola cuenta con 20 a\u00f1os de trayectoria en la industria&#8230;<\/p>\n","protected":false},"author":1,"featured_media":2595,"comment_status":"open","ping_status":"open","sticky":false,"template":"","format":"standard","meta":{"footnotes":""},"categories":[9],"tags":[],"class_list":["post-2594","post","type-post","status-publish","format-standard","has-post-thumbnail","hentry","category-espectaculos"],"_links":{"self":[{"href":"https:\/\/xn--huracnpolmicocancnquintanaroo-knc6wmu.com\/index.php?rest_route=\/wp\/v2\/posts\/2594","targetHints":{"allow":["GET"]}}],"collection":[{"href":"https:\/\/xn--huracnpolmicocancnquintanaroo-knc6wmu.com\/index.php?rest_route=\/wp\/v2\/posts"}],"about":[{"href":"https:\/\/xn--huracnpolmicocancnquintanaroo-knc6wmu.com\/index.php?rest_route=\/wp\/v2\/types\/post"}],"author":[{"embeddable":true,"href":"https:\/\/xn--huracnpolmicocancnquintanaroo-knc6wmu.com\/index.php?rest_route=\/wp\/v2\/users\/1"}],"replies":[{"embeddable":true,"href":"https:\/\/xn--huracnpolmicocancnquintanaroo-knc6wmu.com\/index.php?rest_route=%2Fwp%2Fv2%2Fcomments&post=2594"}],"version-history":[{"count":0,"href":"https:\/\/xn--huracnpolmicocancnquintanaroo-knc6wmu.com\/index.php?rest_route=\/wp\/v2\/posts\/2594\/revisions"}],"wp:featuredmedia":[{"embeddable":true,"href":"https:\/\/xn--huracnpolmicocancnquintanaroo-knc6wmu.com\/index.php?rest_route=\/wp\/v2\/media\/2595"}],"wp:attachment":[{"href":"https:\/\/xn--huracnpolmicocancnquintanaroo-knc6wmu.com\/index.php?rest_route=%2Fwp%2Fv2%2Fmedia&parent=2594"}],"wp:term":[{"taxonomy":"category","embeddable":true,"href":"https:\/\/xn--huracnpolmicocancnquintanaroo-knc6wmu.com\/index.php?rest_route=%2Fwp%2Fv2%2Fcategories&post=2594"},{"taxonomy":"post_tag","embeddable":true,"href":"https:\/\/xn--huracnpolmicocancnquintanaroo-knc6wmu.com\/index.php?rest_route=%2Fwp%2Fv2%2Ftags&post=2594"}],"curies":[{"name":"wp","href":"https:\/\/api.w.org\/{rel}","templated":true}]}}