{"id":2630,"date":"2021-03-30T00:42:25","date_gmt":"2021-03-30T00:42:25","guid":{"rendered":"https:\/\/whatsappcancun.com\/?p=2630"},"modified":"2021-03-30T00:42:25","modified_gmt":"2021-03-30T00:42:25","slug":"cancun-fc-engalana-el-paraiso-con-foto-oficial","status":"publish","type":"post","link":"https:\/\/xn--huracnpolmicocancnquintanaroo-knc6wmu.com\/?p=2630","title":{"rendered":"Canc\u00fan FC engalana el \u201cPara\u00edso\u201d con foto oficial"},"content":{"rendered":"<section id=\"mvp-content-main\" class=\"post-124538 post type-post status-publish format-gallery has-post-thumbnail hentry category-cancun tag-cancun-fc tag-mara-lezama post_format-post-format-gallery\">\n<div id=\"tps_slideContainer_124538\" class=\"theiaPostSlider_slides\">\n<div class=\"theiaPostSlider_preloadedSlide\">\n<p>Canc\u00fan FC pos\u00f3 para una foto con y para la historia por primera vez desde que arrib\u00f3 a este\u00a0<strong>destino tur\u00edstico.<\/strong><\/p>\n<div id=\"horas-396a0cd781f599ace0dbca7a2d97e614\" class=\"horas-396a0cd781f599ace0dbca7a2d97e614 horas-content_2\"><\/div>\n<p>Acompa\u00f1ados por la presidente municipal de Benito Ju\u00e1rez,\u00a0<strong>Mara Lezama<\/strong>, invitada especial, directiva, cuerpo t\u00e9cnico y jugadores de\u00a0<strong>\u2018La Ola Futbolera\u2019<\/strong>\u00a0engalanaron la tradicional postal, con la playa y mar de fondo como espectacular escenario. Sin duda, el marco perfecto para enaltecer las bellezas naturales que ofrece Canc\u00fan, catalogado como un destino de clase mundial y detonante del turismo deportivo, entre otros importantes rubros.<\/p>\n<p>Jos\u00e9 Luis Orantes Costanzo y Christian \u2018Chaco\u2019 Gim\u00e9nez, presidente y director t\u00e9cnico, respectivamente, adem\u00e1s del personal de las diferentes \u00e1reas que forman parte de la instituci\u00f3n, acudieron muy puntuales a la cita en el hotel de concentraci\u00f3n y patrocinador oficial de \u2018La Ola\u2019, Oasis Hoteles &amp; Resorts, para escribir un nuevo cap\u00edtulo en el inicio de esta gran aventura en Canc\u00fan, representante de Quintana Roo en la\u00a0<strong>Liga de Expansi\u00f3n MX.<\/strong><\/p>\n<div id=\"horas-bdad52ca6261f15cb27ca80c733ffee3\" class=\"horas-bdad52ca6261f15cb27ca80c733ffee3 horas-content\"><\/div>\n<p>Este magno acontecimiento se suma al debut en el certamen ante Tampico Madero, el 20 de agosto de 2020 en el \u2018Andr\u00e9s Quintana Roo\u2019, al tan esperado y muy probable retorno de los aficionados, el mi\u00e9rcoles 7 de abril frente a Leones Negros de la Universidad de Guadalajara, y desde luego, al reciente triunfo (5-1) contra Tepatitl\u00e1n, trascendentales hasta el momento.<\/p>\n<p><img loading=\"lazy\" decoding=\"async\" class=\"alignnone size-full wp-image-124539\" src=\"https:\/\/www.24horasqroo.mx\/wp-content\/uploads\/2021\/03\/fbd585fb-e8b8-49f7-ba89-a5270bbf6ea1.jpeg\" alt=\"\" width=\"1024\" height=\"548\" \/><\/p>\n<\/div>\n<\/div>\n<div class=\"theiaPostSlider_footer _footer\"><\/div>\n<div id=\"horas-a92b75ec53fa1d92b7841f5c94d76b56\" class=\"horas-a92b75ec53fa1d92b7841f5c94d76b56 horas-adsense-coincidente\"><\/div>\n<div style=\"box-sizing: inherit; margin: 0px; padding: 0px; border: 0px; font-size: 18.4px; vertical-align: baseline;\" data-theiapostslider-slideroptions=\"{&quot;slideContainer&quot;:&quot;#tps_slideContainer_124538&quot;,&quot;nav&quot;:[&quot;.theiaPostSlider_nav&quot;],&quot;navText&quot;:&quot;%{currentSlide} of %{totalSlides}&quot;,&quot;helperText&quot;:&quot;Use your &amp;leftarrow; &amp;rightarrow; (arrow) keys to browse&quot;,&quot;defaultSlide&quot;:0,&quot;transitionEffect&quot;:&quot;slide&quot;,&quot;transitionSpeed&quot;:400,&quot;keyboardShortcuts&quot;:true,&quot;scrollAfterRefresh&quot;:true,&quot;numberOfSlides&quot;:1,&quot;slides&quot;:[],&quot;useSlideSources&quot;:null,&quot;themeType&quot;:&quot;font&quot;,&quot;prevText&quot;:&quot;Prev&quot;,&quot;nextText&quot;:&quot;Next&quot;,&quot;buttonWidth&quot;:0,&quot;buttonWidth_post&quot;:0,&quot;postUrl&quot;:&quot;https:\\\/\\\/www.24horasqroo.mx\\\/municipios\\\/cancun\\\/cancun-fc-engalana-el-paraiso-con-foto-oficial\\\/&quot;,&quot;postId&quot;:124538,&quot;refreshAds&quot;:false,&quot;refreshAdsEveryNSlides&quot;:1,&quot;adRefreshingMechanism&quot;:&quot;javascript&quot;,&quot;ajaxUrl&quot;:&quot;https:\\\/\\\/www.24horasqroo.mx\\\/wp-admin\\\/admin-ajax.php&quot;,&quot;loopSlides&quot;:false,&quot;scrollTopOffset&quot;:0,&quot;hideNavigationOnFirstSlide&quot;:false,&quot;isRtl&quot;:false,&quot;excludedWords&quot;:[&quot;&quot;],&quot;prevFontIcon&quot;:&quot;&lt;span aria-hidden=\\&quot;true\\&quot; class=\\&quot;tps-icon-chevron-circle-left\\&quot;&gt;&lt;\\\/span&gt;&quot;,&quot;nextFontIcon&quot;:&quot;&lt;span aria-hidden=\\&quot;true\\&quot; class=\\&quot;tps-icon-chevron-circle-right\\&quot;&gt;&lt;\\\/span&gt;&quot;}\" data-theiapostslider-onchangeslide=\"&quot;&quot;\" data-theiapostslider-loaded=\"true\"><\/div>\n<\/section>\n<div id=\"mvp-ad-rel-wrap\">\n<div id=\"mvp-ad-rel-bot\" class=\"left relative\">\n<div class=\"mvp-ad-rel-out right relative\">\n<div class=\"mvp-ad-rel-in\">\n<div id=\"mvp-post-bot-rel\" class=\"left relative\"><span class=\"mvp-related-head left relative\">.<\/span><\/div>\n<\/div>\n<\/div>\n<\/div>\n<\/div>\n","protected":false},"excerpt":{"rendered":"<p>Canc\u00fan FC pos\u00f3 para una foto con y para la historia por primera vez desde&#8230;<\/p>\n","protected":false},"author":1,"featured_media":2631,"comment_status":"open","ping_status":"open","sticky":false,"template":"","format":"standard","meta":{"footnotes":""},"categories":[2],"tags":[],"class_list":["post-2630","post","type-post","status-publish","format-standard","has-post-thumbnail","hentry","category-local"],"_links":{"self":[{"href":"https:\/\/xn--huracnpolmicocancnquintanaroo-knc6wmu.com\/index.php?rest_route=\/wp\/v2\/posts\/2630","targetHints":{"allow":["GET"]}}],"collection":[{"href":"https:\/\/xn--huracnpolmicocancnquintanaroo-knc6wmu.com\/index.php?rest_route=\/wp\/v2\/posts"}],"about":[{"href":"https:\/\/xn--huracnpolmicocancnquintanaroo-knc6wmu.com\/index.php?rest_route=\/wp\/v2\/types\/post"}],"author":[{"embeddable":true,"href":"https:\/\/xn--huracnpolmicocancnquintanaroo-knc6wmu.com\/index.php?rest_route=\/wp\/v2\/users\/1"}],"replies":[{"embeddable":true,"href":"https:\/\/xn--huracnpolmicocancnquintanaroo-knc6wmu.com\/index.php?rest_route=%2Fwp%2Fv2%2Fcomments&post=2630"}],"version-history":[{"count":0,"href":"https:\/\/xn--huracnpolmicocancnquintanaroo-knc6wmu.com\/index.php?rest_route=\/wp\/v2\/posts\/2630\/revisions"}],"wp:featuredmedia":[{"embeddable":true,"href":"https:\/\/xn--huracnpolmicocancnquintanaroo-knc6wmu.com\/index.php?rest_route=\/wp\/v2\/media\/2631"}],"wp:attachment":[{"href":"https:\/\/xn--huracnpolmicocancnquintanaroo-knc6wmu.com\/index.php?rest_route=%2Fwp%2Fv2%2Fmedia&parent=2630"}],"wp:term":[{"taxonomy":"category","embeddable":true,"href":"https:\/\/xn--huracnpolmicocancnquintanaroo-knc6wmu.com\/index.php?rest_route=%2Fwp%2Fv2%2Fcategories&post=2630"},{"taxonomy":"post_tag","embeddable":true,"href":"https:\/\/xn--huracnpolmicocancnquintanaroo-knc6wmu.com\/index.php?rest_route=%2Fwp%2Fv2%2Ftags&post=2630"}],"curies":[{"name":"wp","href":"https:\/\/api.w.org\/{rel}","templated":true}]}}