{"id":2660,"date":"2021-04-01T05:27:01","date_gmt":"2021-04-01T05:27:01","guid":{"rendered":"https:\/\/whatsappcancun.com\/?p=2660"},"modified":"2021-04-01T05:27:01","modified_gmt":"2021-04-01T05:27:01","slug":"america-tira-pedrada-a-las-chivas-tras-campeonato-preolimpico","status":"publish","type":"post","link":"https:\/\/xn--huracnpolmicocancnquintanaroo-knc6wmu.com\/?p=2660","title":{"rendered":"Am\u00e9rica tira \u201cpedrada\u201d a las Chivas tras campeonato Preol\u00edmpico"},"content":{"rendered":"<div id=\"mvp-post-content\" class=\"left relative\">\n<div class=\"mvp-post-content-out relative\">\n<div class=\"mvp-post-content-in\">\n<div id=\"mvp-post-content-mid\" class=\"left relative\">\n<header id=\"mvp-post-head\" class=\"left relative\">\n<h3 class=\"mvp-post-cat left\"><\/h3>\n<h1 class=\"mvp-post-title entry-title\">Am\u00e9rica tira \u201cpedrada\u201d a las Chivas tras campeonato Preol\u00edmpico<\/h1>\n<div id=\"mvp-post-info-wrap\" class=\"left relative\">\n<div id=\"mvp-post-info-bot\" class=\"right relative\">\n<ul>\n<li class=\"mvp-post-soc-email\"><\/li>\n<\/ul>\n<\/div>\n<\/div>\n<\/header>\n<section id=\"mvp-content-main\" class=\"post-125205 post type-post status-publish format-gallery has-post-thumbnail hentry category-deportes post_format-post-format-gallery\">\n<div id=\"tps_slideContainer_125205\" class=\"theiaPostSlider_slides\">\n<div class=\"theiaPostSlider_preloadedSlide\">\n<p>Sebasti\u00e1n C\u00f3rdova, mediocampista del Am\u00e9rica, se llev\u00f3 el Bot\u00edn de Oro tras proclamarse campe\u00f3n del Torneo Preol\u00edmpico de la Concacaf.<\/p>\n<div id=\"horas-fa6e1e430971251f8319b550334c0672\" class=\"horas-fa6e1e430971251f8319b550334c0672 horas-content_2\"><\/div>\n<p>Ese hecho que fue aprovechado por las redes sociales de las \u00c1guilas para destacar que cuentan con el mejor futbolista mexicano Sub 23 en una clara indirecta a su archirrival, las Chivas.<\/p>\n<div class=\"twitter-tweet twitter-tweet-rendered\"><iframe id=\"twitter-widget-0\" class=\"\" title=\"Twitter Tweet\" src=\"https:\/\/platform.twitter.com\/embed\/Tweet.html?dnt=false&amp;embedId=twitter-widget-0&amp;frame=false&amp;hideCard=false&amp;hideThread=false&amp;id=1377122246230114305&amp;lang=es&amp;origin=https%3A%2F%2Fwww.24horasqroo.mx%2Fdeportes%2Famerica-tira-pedrada-a-las-chivas-tras-campeonato-preolimpico%2F&amp;theme=light&amp;widgetsVersion=e1ffbdb%3A1614796141937&amp;width=550px\" frameborder=\"0\" scrolling=\"no\" allowfullscreen=\"allowfullscreen\" data-tweet-id=\"1377122246230114305\" data-mce-fragment=\"1\"><\/iframe><\/div>\n<p>C\u00f3rdova anot\u00f3 cuatro tantos en cinco juegos, incluido un hat-trick en el debut ante Rep\u00fablica Dominicana para consagrarse como el m\u00e1ximo anotador del certamen de la Concacaf.<\/p>\n<h2>Am\u00e9rica tira \u201cpedrada\u201d a las Chivas tras campeonato Preol\u00edmpico<\/h2>\n<p>Para el Preol\u00edmpico, Chivas aport\u00f3 seis jugadores (Jos\u00e9 Juan Mac\u00edas, Alexis Vega, Gilberto Sep\u00falveda, Uriel Antuna, Jes\u00fas Angulo y Alejandro Mayorga), mientras que en el Am\u00e9rica s\u00f3lo fue convocado un jugador, Sebasti\u00e1n C\u00f3rdova.<\/p>\n<p>Para la final del Preol\u00edmpico, Jaime Lozano arranc\u00f3 con tres de los seis rojiblancos como titulares, mientras que el resto se fue incorporando a lo largo del partido.<\/p>\n<\/div>\n<\/div>\n<\/section>\n<\/div>\n<\/div>\n<\/div>\n<\/div>\n","protected":false},"excerpt":{"rendered":"<p>Am\u00e9rica tira \u201cpedrada\u201d a las Chivas tras campeonato Preol\u00edmpico Sebasti\u00e1n C\u00f3rdova, mediocampista del Am\u00e9rica, se&#8230;<\/p>\n","protected":false},"author":1,"featured_media":2661,"comment_status":"open","ping_status":"open","sticky":false,"template":"","format":"standard","meta":{"footnotes":""},"categories":[6],"tags":[],"class_list":["post-2660","post","type-post","status-publish","format-standard","has-post-thumbnail","hentry","category-deportes"],"_links":{"self":[{"href":"https:\/\/xn--huracnpolmicocancnquintanaroo-knc6wmu.com\/index.php?rest_route=\/wp\/v2\/posts\/2660","targetHints":{"allow":["GET"]}}],"collection":[{"href":"https:\/\/xn--huracnpolmicocancnquintanaroo-knc6wmu.com\/index.php?rest_route=\/wp\/v2\/posts"}],"about":[{"href":"https:\/\/xn--huracnpolmicocancnquintanaroo-knc6wmu.com\/index.php?rest_route=\/wp\/v2\/types\/post"}],"author":[{"embeddable":true,"href":"https:\/\/xn--huracnpolmicocancnquintanaroo-knc6wmu.com\/index.php?rest_route=\/wp\/v2\/users\/1"}],"replies":[{"embeddable":true,"href":"https:\/\/xn--huracnpolmicocancnquintanaroo-knc6wmu.com\/index.php?rest_route=%2Fwp%2Fv2%2Fcomments&post=2660"}],"version-history":[{"count":0,"href":"https:\/\/xn--huracnpolmicocancnquintanaroo-knc6wmu.com\/index.php?rest_route=\/wp\/v2\/posts\/2660\/revisions"}],"wp:featuredmedia":[{"embeddable":true,"href":"https:\/\/xn--huracnpolmicocancnquintanaroo-knc6wmu.com\/index.php?rest_route=\/wp\/v2\/media\/2661"}],"wp:attachment":[{"href":"https:\/\/xn--huracnpolmicocancnquintanaroo-knc6wmu.com\/index.php?rest_route=%2Fwp%2Fv2%2Fmedia&parent=2660"}],"wp:term":[{"taxonomy":"category","embeddable":true,"href":"https:\/\/xn--huracnpolmicocancnquintanaroo-knc6wmu.com\/index.php?rest_route=%2Fwp%2Fv2%2Fcategories&post=2660"},{"taxonomy":"post_tag","embeddable":true,"href":"https:\/\/xn--huracnpolmicocancnquintanaroo-knc6wmu.com\/index.php?rest_route=%2Fwp%2Fv2%2Ftags&post=2660"}],"curies":[{"name":"wp","href":"https:\/\/api.w.org\/{rel}","templated":true}]}}