{"id":26671,"date":"2024-12-10T08:28:17","date_gmt":"2024-12-10T13:28:17","guid":{"rendered":"https:\/\/xn--huracnpolmicocancnquintanaroo-knc6wmu.com\/?p=26671"},"modified":"2024-12-10T13:28:18","modified_gmt":"2024-12-10T13:28:18","slug":"reasignaran-30-mil-mdp-a-educacion-campo-hoy-discuten-ppef-en-comisiones","status":"publish","type":"post","link":"https:\/\/xn--huracnpolmicocancnquintanaroo-knc6wmu.com\/?p=26671","title":{"rendered":"Reasignar\u00e1n 30 mil mdp a educaci\u00f3n, campo\u2026 Hoy discuten PPEF en comisiones"},"content":{"rendered":"<p>\ud83d\udd38 Los recursos se obtendr\u00e1n de los recortes al Poder Judicial y a los reguladores, confirma Ricardo Monreal, l\u00edder de Morena en San L\u00e1zaro<\/p>\n<p>#NACIONAL | La reasignaci\u00f3n que los diputados har\u00e1n en el Proyecto de Presupuesto de Egresos de la Federaci\u00f3n para 2025 podr\u00eda alcanzar los 30 mil millones de pesos y destinarse a los rubros de educaci\u00f3n, universidades p\u00fablicas, infraestructura carretera, caminos artesanales, mantenimiento, campo mexicano y para el INAH y el INBAL.<\/p>\n<p>As\u00ed lo confirm\u00f3 el jefe de Morena en la C\u00e1mara de Diputados, Ricardo Monreal \u00c1vila, quien confi\u00f3 en que la votaci\u00f3n en lo general y en lo particular del dictamen, que se prev\u00e9 sea aprobado hoy en comisiones, quede concluida en el pleno el jueves 12 de diciembre.<\/p>\n<p>El tambi\u00e9n presidente de la Junta de Coordinaci\u00f3n Pol\u00edtica (Jucopo) de San L\u00e1zaro record\u00f3 que los ajustes a la baja ser\u00e1n en los \u00f3rganos aut\u00f3nomos y en el Poder Judicial.<\/p>\n<p>Al informar que el monto de los ajustes presupuestales en los pr\u00f3ximos d\u00edas podr\u00eda ascender a 30 mil millones de pesos, el jefe de Morena en la C\u00e1mara de Diputados, Ricardo Monreal \u00c1vila, confirm\u00f3 que los recortes al proyecto de egresos para 2025 se aplicar\u00eda a INE, Poder Judicial y \u00f3rganos aut\u00f3nomos.<\/p>\n<p>Como lo adelant\u00f3 en su edici\u00f3n de ayer Exc\u00e9lsior, el tambi\u00e9n presidente de la Junta de Coordinaci\u00f3n Pol\u00edtica (Jucopo) dijo que de esos ajustes a la baja saldr\u00e1n los recursos al alza para educaci\u00f3n, universidades p\u00fablicas, infraestructura carretera, caminos artesanales, mantenimiento, campo mexicano y para INAH e INBA.<\/p>\n<p>Se espera que el dictamen sea aprobado hoy martes en la Comisi\u00f3n de Presupuesto y Cuenta P\u00fablica y pasar\u00eda al pleno de los 500 diputados el mi\u00e9rcoles 11 de diciembre.<\/p>\n<p>El diputado Monreal confi\u00f3 en que la votaci\u00f3n en lo general y en lo particular podr\u00eda quedar concluida el jueves 12 de diciembre.<\/p>\n<p>En breves declaraciones, coment\u00f3: \u201cLes digo brevemente en d\u00f3nde estamos intentando reasignar y d\u00f3nde ajustar: ajustar a la baja a \u00f3rganos electorales, Poder Judicial, \u00f3rganos aut\u00f3nomos, y a la reasignaci\u00f3n, fundamentalmente, educaci\u00f3n, universidades p\u00fablicas, tambi\u00e9n infraestructura carretera, caminos artesanales e infraestructura carretera en el pa\u00eds, mantenimiento y campo mexicano. Adem\u00e1s, de cultura, de reasignar m\u00e1s recursos al INAH y al Instituto Nacional de Bellas Artes.<\/p>\n<p>Hab\u00eda dicho que las reasignaciones ser\u00edan por 20 mil millones de pesos; pero quiz\u00e1s rebase los 30 mil millones de pesos, que es el ejercicio que estamos haciendo en este momento y que quiz\u00e1s m\u00e1s tarde podamos enviar ya el proyecto de presupuesto para que las comisiones puedan trabajar\u201d, adelant\u00f3 el jefe de la mayor\u00eda morenista.<\/p>\n<p>En la sesi\u00f3n de la asamblea de los diputados este martes estar\u00edan concret\u00e1ndose las votaciones a favor de las leyes secundaria en materia del Poder Judicial que les envi\u00f3 el Senado, as\u00ed como la relacionada con derechos laborales en plataformas digitales, de la que San L\u00e1zaro es C\u00e1mara de origen.<\/p>\n<p>Para el mi\u00e9rcoles se avalar\u00edan las reformas relacionadas con igualdad salarial y violencia en materia de g\u00e9nero que previamente aprobaron los senadores.<\/p>\n<p>Anoche trascendi\u00f3 que los recursos que a reasignarse en el proyecto de egresos de la federaci\u00f3n podr\u00edan incluso sumar un total de 38 mil millones de pesos.<\/p>\n","protected":false},"excerpt":{"rendered":"<p>\ud83d\udd38 Los recursos se obtendr\u00e1n de los recortes al Poder Judicial y a los reguladores,&#8230;<\/p>\n","protected":false},"author":1,"featured_media":26673,"comment_status":"open","ping_status":"closed","sticky":false,"template":"","format":"standard","meta":{"footnotes":""},"categories":[12],"tags":[],"class_list":["post-26671","post","type-post","status-publish","format-standard","has-post-thumbnail","hentry","category-nacional"],"_links":{"self":[{"href":"https:\/\/xn--huracnpolmicocancnquintanaroo-knc6wmu.com\/index.php?rest_route=\/wp\/v2\/posts\/26671","targetHints":{"allow":["GET"]}}],"collection":[{"href":"https:\/\/xn--huracnpolmicocancnquintanaroo-knc6wmu.com\/index.php?rest_route=\/wp\/v2\/posts"}],"about":[{"href":"https:\/\/xn--huracnpolmicocancnquintanaroo-knc6wmu.com\/index.php?rest_route=\/wp\/v2\/types\/post"}],"author":[{"embeddable":true,"href":"https:\/\/xn--huracnpolmicocancnquintanaroo-knc6wmu.com\/index.php?rest_route=\/wp\/v2\/users\/1"}],"replies":[{"embeddable":true,"href":"https:\/\/xn--huracnpolmicocancnquintanaroo-knc6wmu.com\/index.php?rest_route=%2Fwp%2Fv2%2Fcomments&post=26671"}],"version-history":[{"count":1,"href":"https:\/\/xn--huracnpolmicocancnquintanaroo-knc6wmu.com\/index.php?rest_route=\/wp\/v2\/posts\/26671\/revisions"}],"predecessor-version":[{"id":26672,"href":"https:\/\/xn--huracnpolmicocancnquintanaroo-knc6wmu.com\/index.php?rest_route=\/wp\/v2\/posts\/26671\/revisions\/26672"}],"wp:featuredmedia":[{"embeddable":true,"href":"https:\/\/xn--huracnpolmicocancnquintanaroo-knc6wmu.com\/index.php?rest_route=\/wp\/v2\/media\/26673"}],"wp:attachment":[{"href":"https:\/\/xn--huracnpolmicocancnquintanaroo-knc6wmu.com\/index.php?rest_route=%2Fwp%2Fv2%2Fmedia&parent=26671"}],"wp:term":[{"taxonomy":"category","embeddable":true,"href":"https:\/\/xn--huracnpolmicocancnquintanaroo-knc6wmu.com\/index.php?rest_route=%2Fwp%2Fv2%2Fcategories&post=26671"},{"taxonomy":"post_tag","embeddable":true,"href":"https:\/\/xn--huracnpolmicocancnquintanaroo-knc6wmu.com\/index.php?rest_route=%2Fwp%2Fv2%2Ftags&post=26671"}],"curies":[{"name":"wp","href":"https:\/\/api.w.org\/{rel}","templated":true}]}}