{"id":26779,"date":"2024-12-17T10:10:13","date_gmt":"2024-12-17T15:10:13","guid":{"rendered":"https:\/\/xn--huracnpolmicocancnquintanaroo-knc6wmu.com\/?p=26779"},"modified":"2024-12-17T15:10:14","modified_gmt":"2024-12-17T15:10:14","slug":"confirman-orden-de-aprehension-a-evo-morales-por-trata-de-personas","status":"publish","type":"post","link":"https:\/\/xn--huracnpolmicocancnquintanaroo-knc6wmu.com\/?p=26779","title":{"rendered":"Confirman orden de aprehensi\u00f3n a Evo Morales por trata de personas"},"content":{"rendered":"<p>\ud83d\udd38 La v\u00edctima es una mujer que pertenec\u00eda un grupo juvenil creado por Morales durante su Presidencia, conocido como \u201cGeneraci\u00f3n Evo\u201d. De acuerdo con la acusaci\u00f3n, inici\u00f3 su relaci\u00f3n con el l\u00edder cuando ten\u00eda 14 a\u00f1os, y tuvo un hijo suyo a los 16.<\/p>\n<p>#INTERNACIONAL | La fiscal departamental de la regi\u00f3n boliviana de Tarija, Sandra Guti\u00e9rrez, inform\u00f3 ayer lunes que su despacho present\u00f3 una imputaci\u00f3n formal en contra del exmandatario boliviano Evo Morales por \u201ctrata de personas agravada\u201d, y solicit\u00f3 una alerta migratoria, pues ya transcurrieron los 10 d\u00edas del lapso para que el expresidente se presentara voluntariamente a declarar.<\/p>\n<p>Las medidas de Guti\u00e9rrez se derivan de la supuesta relaci\u00f3n del exmandatario con una adolescente, con quien incluso habr\u00eda tenido un hijo.<\/p>\n<p>La fiscal agreg\u00f3 que la imputaci\u00f3n tambi\u00e9n se present\u00f3 en contra de Idelsa Pozo Saavedra, madre de la presunta v\u00edctima, a quien acusa de haberse lucrado por \u201centregar\u201d su hija a Morales a cambio de \u201cfavores\u201d.<\/p>\n<p>La v\u00edctima es una mujer que pertenec\u00eda un grupo juvenil creado por Morales durante su Presidencia (que transcurri\u00f3 de 2006 a 2019), conocido como \u201cGeneraci\u00f3n Evo\u201d. De acuerdo con la acusaci\u00f3n, inici\u00f3 su relaci\u00f3n con el l\u00edder cuando ten\u00eda 14 a\u00f1os, y tuvo un hijo suyo a los 16.<\/p>\n<p>La fiscal Guti\u00e9rrez neg\u00f3 que exista alguna motivaci\u00f3n pol\u00edtica detr\u00e1s de sus diligencias: \u201cEstamos resguardando los derechos de una persona que ha sido ultrajada, con el visto bueno de sus padres. Vamos a exponer todas estas situaciones (ante el juez)&#8221;.<\/p>\n","protected":false},"excerpt":{"rendered":"<p>\ud83d\udd38 La v\u00edctima es una mujer que pertenec\u00eda un grupo juvenil creado por Morales durante&#8230;<\/p>\n","protected":false},"author":1,"featured_media":26781,"comment_status":"open","ping_status":"closed","sticky":false,"template":"","format":"standard","meta":{"footnotes":""},"categories":[11],"tags":[],"class_list":["post-26779","post","type-post","status-publish","format-standard","has-post-thumbnail","hentry","category-internacional"],"_links":{"self":[{"href":"https:\/\/xn--huracnpolmicocancnquintanaroo-knc6wmu.com\/index.php?rest_route=\/wp\/v2\/posts\/26779","targetHints":{"allow":["GET"]}}],"collection":[{"href":"https:\/\/xn--huracnpolmicocancnquintanaroo-knc6wmu.com\/index.php?rest_route=\/wp\/v2\/posts"}],"about":[{"href":"https:\/\/xn--huracnpolmicocancnquintanaroo-knc6wmu.com\/index.php?rest_route=\/wp\/v2\/types\/post"}],"author":[{"embeddable":true,"href":"https:\/\/xn--huracnpolmicocancnquintanaroo-knc6wmu.com\/index.php?rest_route=\/wp\/v2\/users\/1"}],"replies":[{"embeddable":true,"href":"https:\/\/xn--huracnpolmicocancnquintanaroo-knc6wmu.com\/index.php?rest_route=%2Fwp%2Fv2%2Fcomments&post=26779"}],"version-history":[{"count":1,"href":"https:\/\/xn--huracnpolmicocancnquintanaroo-knc6wmu.com\/index.php?rest_route=\/wp\/v2\/posts\/26779\/revisions"}],"predecessor-version":[{"id":26780,"href":"https:\/\/xn--huracnpolmicocancnquintanaroo-knc6wmu.com\/index.php?rest_route=\/wp\/v2\/posts\/26779\/revisions\/26780"}],"wp:featuredmedia":[{"embeddable":true,"href":"https:\/\/xn--huracnpolmicocancnquintanaroo-knc6wmu.com\/index.php?rest_route=\/wp\/v2\/media\/26781"}],"wp:attachment":[{"href":"https:\/\/xn--huracnpolmicocancnquintanaroo-knc6wmu.com\/index.php?rest_route=%2Fwp%2Fv2%2Fmedia&parent=26779"}],"wp:term":[{"taxonomy":"category","embeddable":true,"href":"https:\/\/xn--huracnpolmicocancnquintanaroo-knc6wmu.com\/index.php?rest_route=%2Fwp%2Fv2%2Fcategories&post=26779"},{"taxonomy":"post_tag","embeddable":true,"href":"https:\/\/xn--huracnpolmicocancnquintanaroo-knc6wmu.com\/index.php?rest_route=%2Fwp%2Fv2%2Ftags&post=26779"}],"curies":[{"name":"wp","href":"https:\/\/api.w.org\/{rel}","templated":true}]}}