{"id":26807,"date":"2024-12-19T11:32:31","date_gmt":"2024-12-19T16:32:31","guid":{"rendered":"https:\/\/xn--huracnpolmicocancnquintanaroo-knc6wmu.com\/?p=26807"},"modified":"2024-12-19T16:32:32","modified_gmt":"2024-12-19T16:32:32","slug":"nueva-ley-en-brasil-prohiben-el-uso-de-celulares-a-estudiantes","status":"publish","type":"post","link":"https:\/\/xn--huracnpolmicocancnquintanaroo-knc6wmu.com\/?p=26807","title":{"rendered":"Nueva ley en Brasil: Proh\u00edben el uso de celulares a estudiantes"},"content":{"rendered":"<p>\ud83d\udd38 Tras la aprobaci\u00f3n de una ley, los alumnos de primaria y secundaria ya no podr\u00e1n usar sus tel\u00e9fonos<\/p>\n<p>#BRASIL | Los alumnos de primaria y secundaria en Brasil ya no podr\u00e1n usar sus tel\u00e9fonos celulares en las escuelas, tras la aprobaci\u00f3n ayer de una ley, en medio de advertencias por los efectos nocivos de las pantallas en la salud y el aprendizaje de los j\u00f3venes.<\/p>\n<p>Legisladores, padres y el gobierno del izquierdista Luiz In\u00e1cio Lula da Silva han llamado a limitar en centros educativos el uso de los tel\u00e9fonos celulares.<\/p>\n<p>M\u00e1s de la mitad de los adolescentes brasile\u00f1os de entre 10 y 13 a\u00f1os tiene tel\u00e9fono m\u00f3vil. Proporci\u00f3n que sube a 87.6% entre los adolescentes de entre 14 y 17 a\u00f1os.<\/p>\n<p>Seg\u00fan datos del gubernamental Comit\u00e9 Gestor de Internet, casi dos tercios de las escuelas del pa\u00eds restringen por propia decisi\u00f3n el uso de los dispositivos m\u00f3viles, mientras que s\u00f3lo el 28% los proh\u00edben totalmente.<\/p>\n<p>La ley, que afecta a los alumnos de entre 4 y 17 a\u00f1os, fue aprobada por el Senado y debe ahora pasar por el presidente Lula para ser sancionada.<\/p>\n<p>Para \u201csalvaguardar la salud mental, f\u00edsica y ps\u00edquica de los ni\u00f1os y adolescentes\u201d, los celulares quedar\u00e1n prohibidos en las escuelas, tanto en las aulas como en los momentos de recreo, seg\u00fan el texto.<\/p>\n","protected":false},"excerpt":{"rendered":"<p>\ud83d\udd38 Tras la aprobaci\u00f3n de una ley, los alumnos de primaria y secundaria ya no&#8230;<\/p>\n","protected":false},"author":1,"featured_media":26809,"comment_status":"open","ping_status":"closed","sticky":false,"template":"","format":"standard","meta":{"footnotes":""},"categories":[11],"tags":[],"class_list":["post-26807","post","type-post","status-publish","format-standard","has-post-thumbnail","hentry","category-internacional"],"_links":{"self":[{"href":"https:\/\/xn--huracnpolmicocancnquintanaroo-knc6wmu.com\/index.php?rest_route=\/wp\/v2\/posts\/26807","targetHints":{"allow":["GET"]}}],"collection":[{"href":"https:\/\/xn--huracnpolmicocancnquintanaroo-knc6wmu.com\/index.php?rest_route=\/wp\/v2\/posts"}],"about":[{"href":"https:\/\/xn--huracnpolmicocancnquintanaroo-knc6wmu.com\/index.php?rest_route=\/wp\/v2\/types\/post"}],"author":[{"embeddable":true,"href":"https:\/\/xn--huracnpolmicocancnquintanaroo-knc6wmu.com\/index.php?rest_route=\/wp\/v2\/users\/1"}],"replies":[{"embeddable":true,"href":"https:\/\/xn--huracnpolmicocancnquintanaroo-knc6wmu.com\/index.php?rest_route=%2Fwp%2Fv2%2Fcomments&post=26807"}],"version-history":[{"count":1,"href":"https:\/\/xn--huracnpolmicocancnquintanaroo-knc6wmu.com\/index.php?rest_route=\/wp\/v2\/posts\/26807\/revisions"}],"predecessor-version":[{"id":26808,"href":"https:\/\/xn--huracnpolmicocancnquintanaroo-knc6wmu.com\/index.php?rest_route=\/wp\/v2\/posts\/26807\/revisions\/26808"}],"wp:featuredmedia":[{"embeddable":true,"href":"https:\/\/xn--huracnpolmicocancnquintanaroo-knc6wmu.com\/index.php?rest_route=\/wp\/v2\/media\/26809"}],"wp:attachment":[{"href":"https:\/\/xn--huracnpolmicocancnquintanaroo-knc6wmu.com\/index.php?rest_route=%2Fwp%2Fv2%2Fmedia&parent=26807"}],"wp:term":[{"taxonomy":"category","embeddable":true,"href":"https:\/\/xn--huracnpolmicocancnquintanaroo-knc6wmu.com\/index.php?rest_route=%2Fwp%2Fv2%2Fcategories&post=26807"},{"taxonomy":"post_tag","embeddable":true,"href":"https:\/\/xn--huracnpolmicocancnquintanaroo-knc6wmu.com\/index.php?rest_route=%2Fwp%2Fv2%2Ftags&post=26807"}],"curies":[{"name":"wp","href":"https:\/\/api.w.org\/{rel}","templated":true}]}}