{"id":26821,"date":"2024-12-20T12:21:59","date_gmt":"2024-12-20T17:21:59","guid":{"rendered":"https:\/\/xn--huracnpolmicocancnquintanaroo-knc6wmu.com\/?p=26821"},"modified":"2024-12-20T17:22:00","modified_gmt":"2024-12-20T17:22:00","slug":"lanza-ultimatum-fernandez-norona-a-donald-trump-por-politica-migratoria","status":"publish","type":"post","link":"https:\/\/xn--huracnpolmicocancnquintanaroo-knc6wmu.com\/?p=26821","title":{"rendered":"Lanza ultim\u00e1tum Fern\u00e1ndez Noro\u00f1a a Donald Trump por pol\u00edtica migratoria"},"content":{"rendered":"<p>\ud83d\udd38 Presidente del Senado dice representar a los migrantes de todo el mundo\u2026<\/p>\n<p>#NACIONAL | El presidente del Senado, Gerardo Fern\u00e1ndez Noro\u00f1a, llam\u00f3 al presidente electo de Estados Unidos, Donald Trump, a que modifique su decisi\u00f3n de implementar una pol\u00edtica migratoria restrictiva.<\/p>\n<p>Trump anunci\u00f3 una deportaci\u00f3n masiva de personas migrantes hacia M\u00e9xico, a lo que Fern\u00e1ndez Noro\u00f1a se\u00f1al\u00f3 que estas familias aportan a la econom\u00eda estadounidense y ya forman parte de ese pa\u00eds.<\/p>\n<p>En Chicago, desde la Plaza de las Am\u00e9ricas, el senador se\u00f1al\u00f3 que la pol\u00edtica p\u00fablica que se pretende instrumentar \u201ces infame e inaceptable\u201d, una medida que en pleno siglo XXI no deber\u00eda suceder en ninguna circunstancia.<\/p>\n<p>\u201cComo presidente de la C\u00e1mara de Senadores le pido que modifique esa decisi\u00f3n, que haga justicia. Usted dice que quiere volver a hacer a Am\u00e9rica grande\u201d, destac\u00f3 Fern\u00e1ndez Noro\u00f1a.<\/p>\n<p>Pero, agreg\u00f3, \u201cno puede haber una Am\u00e9rica grande con racismo, no puede haber una Am\u00e9rica grande con discriminaci\u00f3n, no puede haber una Am\u00e9rica grande que niegue a sus hijos y a sus hijas, que han contribuido para la grandeza de este pa\u00eds y que ya es su patria\u201d, y con la amenaza de ser expulsados y de dividir a las familias, dijo.<\/p>\n<p>Esta medida, subray\u00f3, no es humana ni justa y tampoco se apega a la Declaraci\u00f3n de Independencia de ese pa\u00eds que establece que el ser humano tiene derecho a la vida, a la libertad y a la b\u00fasqueda de la felicidad.<\/p>\n<p>\u201cNo han encontrado aqu\u00ed la felicidad mis compatriotas y si la han encontrado, ha sido porque nuestro pueblo es muy grande y se impone a los obst\u00e1culos, a las dificultades y al sufrimiento\u201d, expuso.<\/p>\n<p>Esas personas migrantes, dijo, ya son parte de Estados Unidos, pues se trata de ciudadanos estadounidenses que contribuyen con sus impuestos y no reciben nada a cambio, pero s\u00ed \u201creciben desprecio, maltrato y racismo\u201d, a pesar de que con su trabajo y su cultura \u201chan enriquecido a esta gran naci\u00f3n\u201d.<\/p>\n<p>\u201cPodr\u00eda hablar s\u00f3lo de los mexicanos, pero estoy hablando de todo ser humano que migr\u00f3 aqu\u00ed, pensando que era la tierra de las libertades, de las oportunidades, donde podr\u00edan salir adelante, y no han pedido nada regalado, ni siquiera tienen un programa social, les niegan hasta una licencia, les niegan el trato humano m\u00e1s elemental\u201d, se\u00f1al\u00f3 Fern\u00e1ndez Noro\u00f1a.<\/p>\n<p>&nbsp;<\/p>\n","protected":false},"excerpt":{"rendered":"<p>\ud83d\udd38 Presidente del Senado dice representar a los migrantes de todo el mundo\u2026 #NACIONAL |&#8230;<\/p>\n","protected":false},"author":1,"featured_media":26823,"comment_status":"open","ping_status":"closed","sticky":false,"template":"","format":"standard","meta":{"footnotes":""},"categories":[12],"tags":[],"class_list":["post-26821","post","type-post","status-publish","format-standard","has-post-thumbnail","hentry","category-nacional"],"_links":{"self":[{"href":"https:\/\/xn--huracnpolmicocancnquintanaroo-knc6wmu.com\/index.php?rest_route=\/wp\/v2\/posts\/26821","targetHints":{"allow":["GET"]}}],"collection":[{"href":"https:\/\/xn--huracnpolmicocancnquintanaroo-knc6wmu.com\/index.php?rest_route=\/wp\/v2\/posts"}],"about":[{"href":"https:\/\/xn--huracnpolmicocancnquintanaroo-knc6wmu.com\/index.php?rest_route=\/wp\/v2\/types\/post"}],"author":[{"embeddable":true,"href":"https:\/\/xn--huracnpolmicocancnquintanaroo-knc6wmu.com\/index.php?rest_route=\/wp\/v2\/users\/1"}],"replies":[{"embeddable":true,"href":"https:\/\/xn--huracnpolmicocancnquintanaroo-knc6wmu.com\/index.php?rest_route=%2Fwp%2Fv2%2Fcomments&post=26821"}],"version-history":[{"count":1,"href":"https:\/\/xn--huracnpolmicocancnquintanaroo-knc6wmu.com\/index.php?rest_route=\/wp\/v2\/posts\/26821\/revisions"}],"predecessor-version":[{"id":26822,"href":"https:\/\/xn--huracnpolmicocancnquintanaroo-knc6wmu.com\/index.php?rest_route=\/wp\/v2\/posts\/26821\/revisions\/26822"}],"wp:featuredmedia":[{"embeddable":true,"href":"https:\/\/xn--huracnpolmicocancnquintanaroo-knc6wmu.com\/index.php?rest_route=\/wp\/v2\/media\/26823"}],"wp:attachment":[{"href":"https:\/\/xn--huracnpolmicocancnquintanaroo-knc6wmu.com\/index.php?rest_route=%2Fwp%2Fv2%2Fmedia&parent=26821"}],"wp:term":[{"taxonomy":"category","embeddable":true,"href":"https:\/\/xn--huracnpolmicocancnquintanaroo-knc6wmu.com\/index.php?rest_route=%2Fwp%2Fv2%2Fcategories&post=26821"},{"taxonomy":"post_tag","embeddable":true,"href":"https:\/\/xn--huracnpolmicocancnquintanaroo-knc6wmu.com\/index.php?rest_route=%2Fwp%2Fv2%2Ftags&post=26821"}],"curies":[{"name":"wp","href":"https:\/\/api.w.org\/{rel}","templated":true}]}}