{"id":27340,"date":"2025-01-04T12:32:41","date_gmt":"2025-01-04T17:32:41","guid":{"rendered":"https:\/\/xn--huracnpolmicocancnquintanaroo-knc6wmu.com\/?p=27340"},"modified":"2025-01-21T17:34:19","modified_gmt":"2025-01-21T17:34:19","slug":"expresa-ricardo-monreal-avila-apoyo-a-migrantes","status":"publish","type":"post","link":"https:\/\/xn--huracnpolmicocancnquintanaroo-knc6wmu.com\/?p=27340","title":{"rendered":"Expresa Ricardo Monreal \u00c1vila apoyo a migrantes"},"content":{"rendered":"<p>\ud83d\udd38 El presidente de la Junta de Coordinaci\u00f3n Polic\u00eda de la C\u00e1mara de Diputados, expres\u00f3 su apoyo a los migrantes ante los amagos del presidente electo de Estados Unidos, Donald Trump.<\/p>\n<p>#NACIONAL | Ante los amagos del presidente electo de EU, Donald Trump de comenzar la mayor ola de deportaciones, el presidente de la Junta de Coordinaci\u00f3n Polic\u00eda (Jucopo) de la C\u00e1mara de Diputados, Ricardo Monreal \u00c1vila, expres\u00f3 su apoyo a todos los migrantes que salen de su lugar de origen en busca de una mejor calidad de vida.<\/p>\n<p>\u201cQuiero dedicar solamente unas palabras a todos los mexicanos que, por razones, fundamentalmente, de pobreza y de falta de oportunidades, han tenido que emigrar a otros pa\u00edses en b\u00fasqueda de un futuro mejor. Sabemos que el camino no ha sido f\u00e1cil para ellos\u201d, mencion\u00f3.<\/p>\n<p>A trav\u00e9s de un video en sus redes sociales, Monreal \u00c1vila, dijo que el regreso de los migrantes a M\u00e9xico en Navidad, para estas fiestas, es muy visto, \u201cy todos tenemos que tener mucho respeto para ellos\u201d, por lo que hizo una invitaci\u00f3n a las autoridades para recibirlos garantizado sus derechos&#8221;.<\/p>\n<p>\u201cLas autoridades deben de esforzarse para recibirlos como se merecen, desde un modesto delegado municipal hasta el presidente, el gobernador, y seguramente lo har\u00e1 la presidenta de la Rep\u00fablica; por eso me alegra saludarlos, felicitarlos, en estas fiestas decembrinas\u201d, dijo el presidente de la Jucopo.<\/p>\n<p>En los \u00faltimos a\u00f1os, la migraci\u00f3n ha incrementado de manera exponencial alrededor del mundo, siendo M\u00e9xico uno de los pa\u00edses con m\u00e1s flujo migratorio para quienes buscan cumplir el sue\u00f1o americano, por lo que Monreal \u00c1vila reconoci\u00f3 que, a pesar de emigrar, estas personas nunca olvidan sus or\u00edgenes.<\/p>\n<p>\u201cYo soy de un ejido, originario, ah\u00ed nac\u00ed, en Plateros, cerca de Fresnillo, Zacatecas, y es una tierra de migrantes, de donde soy y mucha gente se ha ido a Estados Unidos\u201d<\/p>\n<p>\u201cMuchos de nuestros hermanos, hermanas viven en los Estados Unidos, y han tenido que dejar su tierra, su familia, su hogar, pero, aunque lejos, nunca nos olvidamos de ustedes, y ustedes nunca se olvidan de sus ra\u00edces ni el amor por M\u00e9xico\u201d, puntualiz\u00f3 el Coordinador de Morena en la C\u00e1mara de Diputados.<\/p>\n","protected":false},"excerpt":{"rendered":"<p>\ud83d\udd38 El presidente de la Junta de Coordinaci\u00f3n Polic\u00eda de la C\u00e1mara de Diputados, expres\u00f3&#8230;<\/p>\n","protected":false},"author":1,"featured_media":27342,"comment_status":"open","ping_status":"closed","sticky":false,"template":"","format":"standard","meta":{"footnotes":""},"categories":[12],"tags":[],"class_list":["post-27340","post","type-post","status-publish","format-standard","has-post-thumbnail","hentry","category-nacional"],"_links":{"self":[{"href":"https:\/\/xn--huracnpolmicocancnquintanaroo-knc6wmu.com\/index.php?rest_route=\/wp\/v2\/posts\/27340","targetHints":{"allow":["GET"]}}],"collection":[{"href":"https:\/\/xn--huracnpolmicocancnquintanaroo-knc6wmu.com\/index.php?rest_route=\/wp\/v2\/posts"}],"about":[{"href":"https:\/\/xn--huracnpolmicocancnquintanaroo-knc6wmu.com\/index.php?rest_route=\/wp\/v2\/types\/post"}],"author":[{"embeddable":true,"href":"https:\/\/xn--huracnpolmicocancnquintanaroo-knc6wmu.com\/index.php?rest_route=\/wp\/v2\/users\/1"}],"replies":[{"embeddable":true,"href":"https:\/\/xn--huracnpolmicocancnquintanaroo-knc6wmu.com\/index.php?rest_route=%2Fwp%2Fv2%2Fcomments&post=27340"}],"version-history":[{"count":1,"href":"https:\/\/xn--huracnpolmicocancnquintanaroo-knc6wmu.com\/index.php?rest_route=\/wp\/v2\/posts\/27340\/revisions"}],"predecessor-version":[{"id":27341,"href":"https:\/\/xn--huracnpolmicocancnquintanaroo-knc6wmu.com\/index.php?rest_route=\/wp\/v2\/posts\/27340\/revisions\/27341"}],"wp:featuredmedia":[{"embeddable":true,"href":"https:\/\/xn--huracnpolmicocancnquintanaroo-knc6wmu.com\/index.php?rest_route=\/wp\/v2\/media\/27342"}],"wp:attachment":[{"href":"https:\/\/xn--huracnpolmicocancnquintanaroo-knc6wmu.com\/index.php?rest_route=%2Fwp%2Fv2%2Fmedia&parent=27340"}],"wp:term":[{"taxonomy":"category","embeddable":true,"href":"https:\/\/xn--huracnpolmicocancnquintanaroo-knc6wmu.com\/index.php?rest_route=%2Fwp%2Fv2%2Fcategories&post=27340"},{"taxonomy":"post_tag","embeddable":true,"href":"https:\/\/xn--huracnpolmicocancnquintanaroo-knc6wmu.com\/index.php?rest_route=%2Fwp%2Fv2%2Ftags&post=27340"}],"curies":[{"name":"wp","href":"https:\/\/api.w.org\/{rel}","templated":true}]}}