{"id":27357,"date":"2025-01-22T10:30:46","date_gmt":"2025-01-22T15:30:46","guid":{"rendered":"https:\/\/xn--huracnpolmicocancnquintanaroo-knc6wmu.com\/?p=27357"},"modified":"2025-01-22T15:30:47","modified_gmt":"2025-01-22T15:30:47","slug":"inicia-mara-lezama-participacion-del-pabellon-del-caribe-mexicano-en-fitur-2025","status":"publish","type":"post","link":"https:\/\/xn--huracnpolmicocancnquintanaroo-knc6wmu.com\/?p=27357","title":{"rendered":"Inicia Mara Lezama participaci\u00f3n del Pabell\u00f3n del Caribe Mexicano en FITUR 2025"},"content":{"rendered":"<p>Madrid.- La delegaci\u00f3n de Quintana Roo, encabezada por la gobernadora Mara Lezama Espinosa, lleg\u00f3 a IFEMA-FITUR 2025, en donde se encuentra el pabell\u00f3n del Caribe Mexicano que promociona los 12 destinos tur\u00edsticos y las 14 marcas que integran la oferta quintanarroense en esta Feria Internacional de Turismo.<\/p>\n<p>\u201cLlegamos al pabell\u00f3n del Caribe Mexicano para consolidar la presencia y el liderazgo tur\u00edstico de Quintana Roo a nivel internacional. Estableceremos conexiones estrat\u00e9gicas con tour operadores, agencias de viajes, aerol\u00edneas, grupos hoteleros, instituciones bancarias y, por supuesto, tambi\u00e9n con inversionistas\u201d afirm\u00f3 la Gobernadora acompa\u00f1ada del secretario de Turismo, Bernardo Cueto Riestra, y el director del CPTQ, Andr\u00e9s Mart\u00ednez Reynoso.<\/p>\n<p>\u201cEstamos viviendo la Nueva Era del Turismo del Caribe Mexicano con sostenibilidad, inclusi\u00f3n y, en esta ocasi\u00f3n nuestras y nuestros protagonistas son las y los representantes de las comunidades mayas\u201d a\u00f1adi\u00f3 Mara Lezama.<\/p>\n<p>En este pabell\u00f3n, previo al corte del list\u00f3n inaugural, la gobernadora de Quintana Roo record\u00f3 que ha tenido actividades previas, como la presentaci\u00f3n de la campa\u00f1a gastron\u00f3mica, fundamental para dar a conocer el Festival de la Gastronom\u00eda que se realizar\u00e1 los d\u00edas 8 y 9 de marzo en Bacalar; la recepci\u00f3n de 4 premios World Travel Awards 2024 que se gan\u00f3 Canc\u00fan.<\/p>\n<p>Reiter\u00f3 la noticia: el 27 de septiembre Quintana Roo, Canc\u00fan, ser\u00e1 sede del World Travel Awards 2025.<\/p>\n<p>La gobernadora Mara Lezama tambi\u00e9n se\u00f1al\u00f3 su presencia en el Foro \u201cConectando Oportunidades en el Sector Tur\u00edstico\u201d organizado por BBVA. \u201cY por supuesto tambi\u00e9n la gran noticia del Real Madrid y Grupo Pi\u00f1ero que, a trav\u00e9s de la Fundaci\u00f3n Real Madrid, abrir\u00e1 una escuela de f\u00fatbol con beca para j\u00f3venes con vulnerabilidad\u201d.<\/p>\n","protected":false},"excerpt":{"rendered":"<p>Madrid.- La delegaci\u00f3n de Quintana Roo, encabezada por la gobernadora Mara Lezama Espinosa, lleg\u00f3 a&#8230;<\/p>\n","protected":false},"author":1,"featured_media":27359,"comment_status":"open","ping_status":"closed","sticky":false,"template":"","format":"standard","meta":{"footnotes":""},"categories":[37],"tags":[],"class_list":["post-27357","post","type-post","status-publish","format-standard","has-post-thumbnail","hentry","category-quintana-roo"],"_links":{"self":[{"href":"https:\/\/xn--huracnpolmicocancnquintanaroo-knc6wmu.com\/index.php?rest_route=\/wp\/v2\/posts\/27357","targetHints":{"allow":["GET"]}}],"collection":[{"href":"https:\/\/xn--huracnpolmicocancnquintanaroo-knc6wmu.com\/index.php?rest_route=\/wp\/v2\/posts"}],"about":[{"href":"https:\/\/xn--huracnpolmicocancnquintanaroo-knc6wmu.com\/index.php?rest_route=\/wp\/v2\/types\/post"}],"author":[{"embeddable":true,"href":"https:\/\/xn--huracnpolmicocancnquintanaroo-knc6wmu.com\/index.php?rest_route=\/wp\/v2\/users\/1"}],"replies":[{"embeddable":true,"href":"https:\/\/xn--huracnpolmicocancnquintanaroo-knc6wmu.com\/index.php?rest_route=%2Fwp%2Fv2%2Fcomments&post=27357"}],"version-history":[{"count":1,"href":"https:\/\/xn--huracnpolmicocancnquintanaroo-knc6wmu.com\/index.php?rest_route=\/wp\/v2\/posts\/27357\/revisions"}],"predecessor-version":[{"id":27358,"href":"https:\/\/xn--huracnpolmicocancnquintanaroo-knc6wmu.com\/index.php?rest_route=\/wp\/v2\/posts\/27357\/revisions\/27358"}],"wp:featuredmedia":[{"embeddable":true,"href":"https:\/\/xn--huracnpolmicocancnquintanaroo-knc6wmu.com\/index.php?rest_route=\/wp\/v2\/media\/27359"}],"wp:attachment":[{"href":"https:\/\/xn--huracnpolmicocancnquintanaroo-knc6wmu.com\/index.php?rest_route=%2Fwp%2Fv2%2Fmedia&parent=27357"}],"wp:term":[{"taxonomy":"category","embeddable":true,"href":"https:\/\/xn--huracnpolmicocancnquintanaroo-knc6wmu.com\/index.php?rest_route=%2Fwp%2Fv2%2Fcategories&post=27357"},{"taxonomy":"post_tag","embeddable":true,"href":"https:\/\/xn--huracnpolmicocancnquintanaroo-knc6wmu.com\/index.php?rest_route=%2Fwp%2Fv2%2Ftags&post=27357"}],"curies":[{"name":"wp","href":"https:\/\/api.w.org\/{rel}","templated":true}]}}