{"id":27360,"date":"2025-01-22T10:36:27","date_gmt":"2025-01-22T15:36:27","guid":{"rendered":"https:\/\/xn--huracnpolmicocancnquintanaroo-knc6wmu.com\/?p=27360"},"modified":"2025-01-22T15:36:28","modified_gmt":"2025-01-22T15:36:28","slug":"agenda-legislativa-cambiara-para-priorizar-el-tema-de-migrantes-en-estados-unidos-ricardo-monreal","status":"publish","type":"post","link":"https:\/\/xn--huracnpolmicocancnquintanaroo-knc6wmu.com\/?p=27360","title":{"rendered":"Agenda legislativa cambiar\u00e1 para priorizar el tema de migrantes en Estados Unidos: Ricardo Monreal"},"content":{"rendered":"<p>\ud83d\udd38 El coordinador de la bancada de Morena se\u00f1al\u00f3 que desde lo legislativo se atender\u00e1 la deportaci\u00f3n de migrantes.<\/p>\n<p>#NACIONAL | La agenda legislativa de Morena en la C\u00e1mara de Diputados cambiar\u00e1 con la finalidad de incluir pol\u00edticas p\u00fablicas a favor de los migrantes, se\u00f1al\u00f3 el coordinador de dicha bancada, Ricardo Monreal \u00c1vila.<\/p>\n<p>El d\u00eda de ayer se llev\u00f3 a cabo en la ciudad de Puebla el evento &#8216;Di\u00e1logos por la Prosperidad y Justicia Social&#8217;, siendo este el segundo de ocho encuentros que se realizar\u00e1n en todo el pa\u00eds.<\/p>\n<p>En su intervenci\u00f3n, Monreal \u00c1vila se\u00f1al\u00f3 que desde la bancada morenista se apoyar\u00e1n las medidas que sean propuestas por la presidenta de la rep\u00fablica, Claudia Sheinbaum Pardo en dicho tema.<\/p>\n<p>Asimismo, indic\u00f3 que desde el \u00e1mbito legislativo, tambi\u00e9n se atender\u00e1 la deportaci\u00f3n de mexicanos radicados en Estados Unidos, al ser un tema que afectar\u00e1 directamente al pa\u00eds.<\/p>\n<p>Por ello, es que se modificar\u00e1 la agenda legislativa que se ten\u00eda contemplada desarrollar a partir del 1 de febrero, fecha en la cu\u00e1l iniciar\u00e1 el periodo ordinario de sesiones del Congreso de la Uni\u00f3n.<\/p>\n<p>\u201cCambi\u00f3 la agenda legislativa y la prioridad es el entorno internacional, las \u00f3rdenes ejecutivas de Donald Trump que afectan al pa\u00eds y vamos a fijar posici\u00f3n como ya lo hicimos\u201d, declar\u00f3.<\/p>\n<p>Monreal \u00c1vila tambi\u00e9n se\u00f1al\u00f3 que se tienen coincidencias con los grupos parlamentarios del Partido del Trabajo (PT) y del Verde Ecologista (PVEM) para atender dichos temas.<\/p>\n<p>A\u00f1adi\u00f3, que durante este d\u00eda sostendr\u00e1 una reuni\u00f3n con todos los coordinadores de los grupos legislativos, con la intenci\u00f3n de que se conforme un bloque en com\u00fan para dicho tema.<\/p>\n<p>Asimismo, los diputados federales de Morena emitieron un posicionamiento mediante el cual expresaron su apoyo hacia los migrantes mexicanos que corren el riesgo de ser deportados de Estados Unidos.<\/p>\n<p>Asimismo, cuestionaron el tr\u00e1fico de armas de Estados Unidos hacia M\u00e9xico, por lo que urgieron a la generaci\u00f3n de acciones que atiendan dicha problem\u00e1tica.<\/p>\n","protected":false},"excerpt":{"rendered":"<p>\ud83d\udd38 El coordinador de la bancada de Morena se\u00f1al\u00f3 que desde lo legislativo se atender\u00e1&#8230;<\/p>\n","protected":false},"author":1,"featured_media":27362,"comment_status":"open","ping_status":"closed","sticky":false,"template":"","format":"standard","meta":{"footnotes":""},"categories":[12],"tags":[],"class_list":["post-27360","post","type-post","status-publish","format-standard","has-post-thumbnail","hentry","category-nacional"],"_links":{"self":[{"href":"https:\/\/xn--huracnpolmicocancnquintanaroo-knc6wmu.com\/index.php?rest_route=\/wp\/v2\/posts\/27360","targetHints":{"allow":["GET"]}}],"collection":[{"href":"https:\/\/xn--huracnpolmicocancnquintanaroo-knc6wmu.com\/index.php?rest_route=\/wp\/v2\/posts"}],"about":[{"href":"https:\/\/xn--huracnpolmicocancnquintanaroo-knc6wmu.com\/index.php?rest_route=\/wp\/v2\/types\/post"}],"author":[{"embeddable":true,"href":"https:\/\/xn--huracnpolmicocancnquintanaroo-knc6wmu.com\/index.php?rest_route=\/wp\/v2\/users\/1"}],"replies":[{"embeddable":true,"href":"https:\/\/xn--huracnpolmicocancnquintanaroo-knc6wmu.com\/index.php?rest_route=%2Fwp%2Fv2%2Fcomments&post=27360"}],"version-history":[{"count":1,"href":"https:\/\/xn--huracnpolmicocancnquintanaroo-knc6wmu.com\/index.php?rest_route=\/wp\/v2\/posts\/27360\/revisions"}],"predecessor-version":[{"id":27361,"href":"https:\/\/xn--huracnpolmicocancnquintanaroo-knc6wmu.com\/index.php?rest_route=\/wp\/v2\/posts\/27360\/revisions\/27361"}],"wp:featuredmedia":[{"embeddable":true,"href":"https:\/\/xn--huracnpolmicocancnquintanaroo-knc6wmu.com\/index.php?rest_route=\/wp\/v2\/media\/27362"}],"wp:attachment":[{"href":"https:\/\/xn--huracnpolmicocancnquintanaroo-knc6wmu.com\/index.php?rest_route=%2Fwp%2Fv2%2Fmedia&parent=27360"}],"wp:term":[{"taxonomy":"category","embeddable":true,"href":"https:\/\/xn--huracnpolmicocancnquintanaroo-knc6wmu.com\/index.php?rest_route=%2Fwp%2Fv2%2Fcategories&post=27360"},{"taxonomy":"post_tag","embeddable":true,"href":"https:\/\/xn--huracnpolmicocancnquintanaroo-knc6wmu.com\/index.php?rest_route=%2Fwp%2Fv2%2Ftags&post=27360"}],"curies":[{"name":"wp","href":"https:\/\/api.w.org\/{rel}","templated":true}]}}