{"id":27505,"date":"2025-01-28T10:38:43","date_gmt":"2025-01-28T15:38:43","guid":{"rendered":"https:\/\/xn--huracnpolmicocancnquintanaroo-knc6wmu.com\/?p=27505"},"modified":"2025-01-28T15:38:45","modified_gmt":"2025-01-28T15:38:45","slug":"redes-estallan-contra-carin-leon-por-decir-que-no-tiene-sintomas-de-gay-tras-polemica-con-espinoza-paz","status":"publish","type":"post","link":"https:\/\/xn--huracnpolmicocancnquintanaroo-knc6wmu.com\/?p=27505","title":{"rendered":"Redes estallan contra Car\u00edn Le\u00f3n por decir que &#8220;no tiene s\u00edntomas de g\u00e3y&#8221; tras pol\u00e9mica con Espinoza Paz"},"content":{"rendered":"<p>\ud83d\udd38 El cantante de &#8216;Primera Cita&#8217; se volvi\u00f3 tendencia luego de que al tratar de aclarar la situaci\u00f3n, sus declaraciones no fueron bien recibidas.<\/p>\n<p>#ESPECT\u00c1CULOS | Car\u00edn Le\u00f3n, famoso cantante y compositor mexicano, dio de que hablar, luego de que reaccionara al rumor que fue tendencia en redes sociales durante este lunes luego de que se viralizara la noticia de que sosten\u00eda un supuesto romance con su colega Espinoza Paz.<\/p>\n<p>La pol\u00e9mica ha surgido debido a que Le\u00f3n neg\u00f3 cualquier relaci\u00f3n con su colega pero las declaraciones han sido duramente criticadas por los internautas pues Car\u00edn habl\u00f3 de &#8220;s\u00edntomas de g\u00e3y&#8221; algo que algunos usuarios no tomaron a bien pues remarcaron que la homosexualidad no es una enfermedad.<\/p>\n<p>Tras la serie de im\u00e1genes compartidas en redes sociales es que muchos se han cuestionado la verdad sobre qu\u00e9 pasa entre los cantantes, pero la realidad es que se trata de metrajes hechos con ayuda de la Inteligencia Artificial (IA).<\/p>\n<p>Lo cierto es que ahora el cantante reaccion\u00f3 a la serie de acusaciones en su contra, as\u00ed como de Espinoza Paz, quien todav\u00eda no ha dado respuesta alguna sobre toda\u00a0\u00e9sta\u00a0pol\u00e9mica.<\/p>\n<p>Car\u00edn Le\u00f3n reaccion\u00f3 a los rumores a trav\u00e9s de un video donde aparec\u00eda sumamente molesto, ya que apenas despertaba cuando se enter\u00f3 que ya era noticia nacional por un supuesto v\u00ednculo rom\u00e1ntico con el cantante Espinoza Paz.<\/p>\n<p>En ese video, Car\u00edn mencion\u00f3 que llevaba tres d\u00edas con la condici\u00f3n de ser g\u00e3y y que hasta la fecha no hab\u00eda desarrollado ning\u00fan s\u00edntoma, declaraci\u00f3n que ha sido duramente criticada en redes sociales y por periodistas como Jorge Carbajal a trav\u00e9s de su programa &#8216;En Shock&#8217;.<\/p>\n<p>&#8220;Es momento de darle explicaciones a la gente, se merecen una explicaci\u00f3n, tengo tres d\u00edas con \u00e9sta condici\u00f3n de ser g\u00e3y, porque la gente me lo impuso porque tienen derecho y no pasa nada porque la gente as\u00ed lo quiso, hasta la fecha no he desarrollado alg\u00fan s\u00edntoma, si la gente que tiene \u00e9sta condici\u00f3n me puede decir cu\u00e1ndo se empiezan a desarrollar los s\u00edntomas para que no me agarren desprevenido&#8221;.<\/p>\n<p>Luego de \u00e9sta respuesta en sarcasmo es que pidi\u00f3 dejar de hablar sobre la s\u0113xu\u00e3lid\u00e3d de las personas como si fuera un tema determinante para definir el \u00e9xito de la gente, por lo cual se mostr\u00f3 bastante molesto ante los rumores.<\/p>\n<p>&#8220;Gracias por tanto apoyo, tanto cari\u00f1o, uno se levanta un d\u00eda h\u0113t\u0113r\u014ds\u0113xu\u00e3l y al otro d\u00eda es g\u00e3y. A \u00e9sta alturas del partido la s\u0113xu\u00e3l\u00eed\u00e3d pasa a segundo plano, pinch*s nacos del mismo tiempo, la misma gente jodida criticando, p\u00f3nganse a trabajar, pinch* bola de nacos, vayan a ching*r su reput* madre, hagan el bien por ustedes mismos. Un beso a mi compa Espinoza, tiene tiempo que no se reporta, as\u00ed no va a funcionar \u00e9sta relaci\u00f3n, un respeto macizo&#8221;.<\/p>\n<p>Termin\u00f3 el mensaje se\u00f1alando el gran cari\u00f1o que siente por Espinoza Paz como amigo y compa\u00f1ero.<\/p>\n<p>Sin embargo, en redes sociales comenzaron a criticar las declaraciones de Car\u00edn Le\u00f3n, pues varios internautas destacaron que el compositor y cantante mexicano se refiri\u00f3 a la h\u014dm\u014ds\u0113xu\u00e3l\u00eed\u00e3d como una enfermedad que presenta s\u00edntomas.<\/p>\n<p>A trav\u00e9s de la cuenta de Instagram del programa &#8216;En Shock&#8217;, encabezado por el periodista Jorge Carbajal, se comparti\u00f3 un fragmento de las declaraciones del cantante en donde se\u00f1alaron que &#8220;deber\u00eda informarse antes de hablar&#8221;, pues con dichas declaraciones mostr\u00f3 una &#8220;gran falta de sensibilidad y conocimiento&#8221;.<\/p>\n<p>&#8220;Est\u00e1 bien que quiera desmentir los rumores sobre una supuesta relaci\u00f3n con Espinoza Paz, pero ser\u00eda bueno que se informara antes de hablar. No solo afirm\u00f3 que fumar cigarros blancos es &#8220;de g\u00e3ys&#8221; y maquillarse tambi\u00e9n, sino que mostr\u00f3 una gran falta de sensibilidad y conocimiento&#8221;, detall\u00f3 la publicaci\u00f3n de &#8216;En Shock&#8217;.<\/p>\n<p>En la misma publicaci\u00f3n, revelaron que Car\u00edn Le\u00f3n se dio cuenta de las reacciones de la gente a lo que hab\u00eda dicho sobre la h\u014dm\u014ds\u0113xu\u00e3l\u00eed\u00e3d trat\u00f3 de arreglarlo pero &#8220;termin\u00f3 quedando como payaso, rid\u00edculo e inventado&#8221;, se lee en la publicaci\u00f3n.<\/p>\n<p>&#8220;Cuando la gente reaccion\u00f3 a sus desafortunadas declaraciones, intent\u00f3 arreglarlo, pero el da\u00f1o ya estaba hecho. Termin\u00f3 quedando como payaso, rid\u00edculo e inventado&#8221;.<\/p>\n","protected":false},"excerpt":{"rendered":"<p>\ud83d\udd38 El cantante de &#8216;Primera Cita&#8217; se volvi\u00f3 tendencia luego de que al tratar de&#8230;<\/p>\n","protected":false},"author":1,"featured_media":27507,"comment_status":"open","ping_status":"closed","sticky":false,"template":"","format":"standard","meta":{"footnotes":""},"categories":[9],"tags":[],"class_list":["post-27505","post","type-post","status-publish","format-standard","has-post-thumbnail","hentry","category-espectaculos"],"_links":{"self":[{"href":"https:\/\/xn--huracnpolmicocancnquintanaroo-knc6wmu.com\/index.php?rest_route=\/wp\/v2\/posts\/27505","targetHints":{"allow":["GET"]}}],"collection":[{"href":"https:\/\/xn--huracnpolmicocancnquintanaroo-knc6wmu.com\/index.php?rest_route=\/wp\/v2\/posts"}],"about":[{"href":"https:\/\/xn--huracnpolmicocancnquintanaroo-knc6wmu.com\/index.php?rest_route=\/wp\/v2\/types\/post"}],"author":[{"embeddable":true,"href":"https:\/\/xn--huracnpolmicocancnquintanaroo-knc6wmu.com\/index.php?rest_route=\/wp\/v2\/users\/1"}],"replies":[{"embeddable":true,"href":"https:\/\/xn--huracnpolmicocancnquintanaroo-knc6wmu.com\/index.php?rest_route=%2Fwp%2Fv2%2Fcomments&post=27505"}],"version-history":[{"count":1,"href":"https:\/\/xn--huracnpolmicocancnquintanaroo-knc6wmu.com\/index.php?rest_route=\/wp\/v2\/posts\/27505\/revisions"}],"predecessor-version":[{"id":27506,"href":"https:\/\/xn--huracnpolmicocancnquintanaroo-knc6wmu.com\/index.php?rest_route=\/wp\/v2\/posts\/27505\/revisions\/27506"}],"wp:featuredmedia":[{"embeddable":true,"href":"https:\/\/xn--huracnpolmicocancnquintanaroo-knc6wmu.com\/index.php?rest_route=\/wp\/v2\/media\/27507"}],"wp:attachment":[{"href":"https:\/\/xn--huracnpolmicocancnquintanaroo-knc6wmu.com\/index.php?rest_route=%2Fwp%2Fv2%2Fmedia&parent=27505"}],"wp:term":[{"taxonomy":"category","embeddable":true,"href":"https:\/\/xn--huracnpolmicocancnquintanaroo-knc6wmu.com\/index.php?rest_route=%2Fwp%2Fv2%2Fcategories&post=27505"},{"taxonomy":"post_tag","embeddable":true,"href":"https:\/\/xn--huracnpolmicocancnquintanaroo-knc6wmu.com\/index.php?rest_route=%2Fwp%2Fv2%2Ftags&post=27505"}],"curies":[{"name":"wp","href":"https:\/\/api.w.org\/{rel}","templated":true}]}}