{"id":27508,"date":"2025-01-28T10:39:49","date_gmt":"2025-01-28T15:39:49","guid":{"rendered":"https:\/\/xn--huracnpolmicocancnquintanaroo-knc6wmu.com\/?p=27508"},"modified":"2025-01-28T15:39:51","modified_gmt":"2025-01-28T15:39:51","slug":"canada-propone-una-cumbre-internacional-con-mexico-dinamarca-panama-y-la-ue-para-contrarrestar-los-aranceles-de-trump","status":"publish","type":"post","link":"https:\/\/xn--huracnpolmicocancnquintanaroo-knc6wmu.com\/?p=27508","title":{"rendered":"Canad\u00e1 propone una cumbre internacional con M\u00e9xico, Dinamarca, Panam\u00e1 y la UE para contrarrestar los aranceles de Trump"},"content":{"rendered":"<p>\ud83d\udd38 La ministra de Exteriores de Canad\u00e1, M\u00e9lanie Joly, declar\u00f3 que el presidente de Estados Unidos ha amenazado con utilizar los aranceles contra el mundo, por lo que su gobierno tiene que &#8220;ser muy pragm\u00e1tico&#8221; en su cooperaci\u00f3n con la Uni\u00f3n Europea y el Reino Unido.<\/p>\n<p>#INTERNACIONAL | La ministra de Exteriores de Canad\u00e1, M\u00e9lanie Joly declar\u00f3 que se ha propuesto convocar de manera inmediata una cumbre internacional para formar una coalici\u00f3n entre M\u00e9xico, Dinamarca, Panam\u00e1 y la Uni\u00f3n Europea.<\/p>\n<p>Explic\u00f3 que el objetivo es fortalecer la cooperaci\u00f3n entre estos pa\u00edses y crear una estrategia unificada para contrarrestar las pol\u00edticas proteccionistas y asegurar que sus econom\u00edas se mantengan protegidas frente a medidas comerciales unilaterales.<\/p>\n<p>Canad\u00e1 est\u00e1 intensificando sus contactos diplom\u00e1ticos con pa\u00edses europeos para responder a la amenaza de aranceles del presidente estadounidense, Donald Trump, se\u00f1al\u00f3 el gobierno de ese pa\u00eds norteamericano.<\/p>\n<p>Trump ha amenazado con empezar a imponer aranceles del 25 % a Canad\u00e1 el 01 de febrero, una medida que el Ejecutivo canadiense ha dicho ser\u00eda devastadora para la econom\u00eda del pa\u00eds.<\/p>\n<p>La ministra de Exteriores de Canad\u00e1 declar\u00f3 en una rueda de prensa que Trump ha amenazado con utilizar los aranceles contra el mundo, incluido Canad\u00e1 y Europa, por lo que el Gobierno canadiense tiene que &#8220;ser muy pragm\u00e1tico&#8221; en su cooperaci\u00f3n con la Uni\u00f3n Europea y el Reino Unido.<\/p>\n<p>&#8220;Sabemos que en muchas capitales europeas y en el Reino Unido ahora se est\u00e1 hablando de represalias y de cu\u00e1les podr\u00edan ser las diferentes respuestas a los aranceles. Por eso es importante para nosotros hablar con diferentes ministros de Exteriores&#8221;, declar\u00f3.<\/p>\n<p>Joly tambi\u00e9n record\u00f3 que Canad\u00e1 tiene un acuerdo de libre comercio con la UE y que el gobierno canadiense quiere &#8220;asegurarse de que los canadienses y las empresas canadienses se sigu\u00e1n beneficiando del tratado&#8221;.<\/p>\n<p>&#8220;Sabemos que el presidente Trump est\u00e1 utilizando los aranceles para poner presi\u00f3n a pa\u00edses. Es lo que hace y continuar\u00e1 haciendo. Nosotros tenemos capacidades de influir: somos el mayor cliente para 36 estados (estadounidenses). Tenemos muchos aliados en Estados Unidos.&#8221;, a\u00f1adi\u00f3.<\/p>\n<p>Joly y el ministro de Seguridad P\u00fablica, David McGuinty, tambi\u00e9n indicaron que esta semana viajar\u00e1n a Estados Unidos para reunirse con miembros de la administraci\u00f3n de Trump y l\u00edderes pol\u00edticos estadounidenses para seguir intentando evitar la aplicaci\u00f3n de aranceles.<\/p>\n<p>La ministra de Exteriores prev\u00e9 reunirse el mi\u00e9rcoles en Washington con el secretario de Estado, Marco Rubio, mientras que McGuinty lo har\u00e1 con Tom Homan, el &#8220;zar&#8221; fronterizo de Trump.<\/p>\n<p>&#8220;Esta administraci\u00f3n es muy impredecible, as\u00ed que tenemos que estar listos y trabajar los dos frentes: prevenir los aranceles y estar preparados (para su imposici\u00f3n)&#8221;, dijo Joly.<\/p>\n","protected":false},"excerpt":{"rendered":"<p>\ud83d\udd38 La ministra de Exteriores de Canad\u00e1, M\u00e9lanie Joly, declar\u00f3 que el presidente de Estados&#8230;<\/p>\n","protected":false},"author":1,"featured_media":27510,"comment_status":"open","ping_status":"closed","sticky":false,"template":"","format":"standard","meta":{"footnotes":""},"categories":[11],"tags":[],"class_list":["post-27508","post","type-post","status-publish","format-standard","has-post-thumbnail","hentry","category-internacional"],"_links":{"self":[{"href":"https:\/\/xn--huracnpolmicocancnquintanaroo-knc6wmu.com\/index.php?rest_route=\/wp\/v2\/posts\/27508","targetHints":{"allow":["GET"]}}],"collection":[{"href":"https:\/\/xn--huracnpolmicocancnquintanaroo-knc6wmu.com\/index.php?rest_route=\/wp\/v2\/posts"}],"about":[{"href":"https:\/\/xn--huracnpolmicocancnquintanaroo-knc6wmu.com\/index.php?rest_route=\/wp\/v2\/types\/post"}],"author":[{"embeddable":true,"href":"https:\/\/xn--huracnpolmicocancnquintanaroo-knc6wmu.com\/index.php?rest_route=\/wp\/v2\/users\/1"}],"replies":[{"embeddable":true,"href":"https:\/\/xn--huracnpolmicocancnquintanaroo-knc6wmu.com\/index.php?rest_route=%2Fwp%2Fv2%2Fcomments&post=27508"}],"version-history":[{"count":1,"href":"https:\/\/xn--huracnpolmicocancnquintanaroo-knc6wmu.com\/index.php?rest_route=\/wp\/v2\/posts\/27508\/revisions"}],"predecessor-version":[{"id":27509,"href":"https:\/\/xn--huracnpolmicocancnquintanaroo-knc6wmu.com\/index.php?rest_route=\/wp\/v2\/posts\/27508\/revisions\/27509"}],"wp:featuredmedia":[{"embeddable":true,"href":"https:\/\/xn--huracnpolmicocancnquintanaroo-knc6wmu.com\/index.php?rest_route=\/wp\/v2\/media\/27510"}],"wp:attachment":[{"href":"https:\/\/xn--huracnpolmicocancnquintanaroo-knc6wmu.com\/index.php?rest_route=%2Fwp%2Fv2%2Fmedia&parent=27508"}],"wp:term":[{"taxonomy":"category","embeddable":true,"href":"https:\/\/xn--huracnpolmicocancnquintanaroo-knc6wmu.com\/index.php?rest_route=%2Fwp%2Fv2%2Fcategories&post=27508"},{"taxonomy":"post_tag","embeddable":true,"href":"https:\/\/xn--huracnpolmicocancnquintanaroo-knc6wmu.com\/index.php?rest_route=%2Fwp%2Fv2%2Ftags&post=27508"}],"curies":[{"name":"wp","href":"https:\/\/api.w.org\/{rel}","templated":true}]}}