{"id":27511,"date":"2025-01-28T10:41:15","date_gmt":"2025-01-28T15:41:15","guid":{"rendered":"https:\/\/xn--huracnpolmicocancnquintanaroo-knc6wmu.com\/?p=27511"},"modified":"2025-01-28T15:41:16","modified_gmt":"2025-01-28T15:41:16","slug":"ricardo-monreal-celebra-resolucion-del-tepjf-sobre-eleccion-judicial-y-anuncia-reformas-clave-de-sheinbaum","status":"publish","type":"post","link":"https:\/\/xn--huracnpolmicocancnquintanaroo-knc6wmu.com\/?p=27511","title":{"rendered":"Ricardo Monreal celebra resoluci\u00f3n del TEPJF sobre elecci\u00f3n judicial y anuncia reformas clave de Sheinbaum"},"content":{"rendered":"<p>\ud83d\udd38 El coordinador de los diputados de Morena destaca la responsabilidad del Senado en el proceso de selecci\u00f3n judicial y adelanta que el 31 de enero Morena celebrar\u00e1 su plenaria con figuras clave del gobierno.<\/p>\n<p>#CDMX | Ricardo Monreal, coordinador de los diputados de Morena, celebr\u00f3 la reciente resoluci\u00f3n del Tribunal Electoral del Poder Judicial de la Federaci\u00f3n (TEPJF) que orden\u00f3 al Senado de la Rep\u00fablica llevar a cabo la elecci\u00f3n de los candidatos para participar en la elecci\u00f3n judicial. Seg\u00fan Monreal, la determinaci\u00f3n es correcta y asegura que, con esta decisi\u00f3n, el Senado tomar\u00e1 las riendas de todo el proceso de elecci\u00f3n y designaci\u00f3n que hab\u00eda sido responsabilidad del Comit\u00e9 de Evaluaci\u00f3n del Poder Judicial.<\/p>\n<p>\u201cSi se aprob\u00f3 as\u00ed, quiere decir que el Senado de la Rep\u00fablica traer\u00e1 todo el proceso de elecci\u00f3n y designaci\u00f3n de trabajo que iba a desarrollar el Comit\u00e9 de Evaluaci\u00f3n del Poder Judicial\u201d, destac\u00f3 el legislador.<\/p>\n<p>Adem\u00e1s, Monreal subray\u00f3 que ahora corresponde al Senado garantizar la protecci\u00f3n de los derechos de los participantes en el proceso, por lo que los senadores deber\u00e1n reunirse pronto para remitir al Comit\u00e9 de Evaluaci\u00f3n del Poder Legislativo los perfiles de los candidatos que participar\u00e1n en la insaculaci\u00f3n.<\/p>\n<p>Por otro lado, el coordinador de la bancada de Morena en la C\u00e1mara de Diputados tambi\u00e9n dio a conocer que la presidenta Claudia Sheinbaum enviar\u00e1 pr\u00f3ximamente un paquete de reformas clave. Entre ellas, se destacan iniciativas sobre la no reelecci\u00f3n, reformas en materia energ\u00e9tica y de transparencia. Monreal indic\u00f3 que se espera que este paquete de reformas sea presentado el pr\u00f3ximo 5 de febrero y que ser\u00e1 revisado durante el pr\u00f3ximo periodo de sesiones.<\/p>\n<p>Finalmente, Monreal confirm\u00f3 que el pr\u00f3ximo 31 de enero se celebrar\u00e1 la Plenaria de la bancada de Morena en la C\u00e1mara de Diputados, evento al que se espera la participaci\u00f3n de figuras de alto perfil del gabinete federal, como la secretaria de Gobernaci\u00f3n, Rosa Icela Rodr\u00edguez; el secretario de Seguridad, Omar Garc\u00eda Harfuch; y el secretario de Econom\u00eda, Marcelo Ebrard.<\/p>\n","protected":false},"excerpt":{"rendered":"<p>\ud83d\udd38 El coordinador de los diputados de Morena destaca la responsabilidad del Senado en el&#8230;<\/p>\n","protected":false},"author":1,"featured_media":27513,"comment_status":"open","ping_status":"closed","sticky":false,"template":"","format":"standard","meta":{"footnotes":""},"categories":[49],"tags":[],"class_list":["post-27511","post","type-post","status-publish","format-standard","has-post-thumbnail","hentry","category-cdmx"],"_links":{"self":[{"href":"https:\/\/xn--huracnpolmicocancnquintanaroo-knc6wmu.com\/index.php?rest_route=\/wp\/v2\/posts\/27511","targetHints":{"allow":["GET"]}}],"collection":[{"href":"https:\/\/xn--huracnpolmicocancnquintanaroo-knc6wmu.com\/index.php?rest_route=\/wp\/v2\/posts"}],"about":[{"href":"https:\/\/xn--huracnpolmicocancnquintanaroo-knc6wmu.com\/index.php?rest_route=\/wp\/v2\/types\/post"}],"author":[{"embeddable":true,"href":"https:\/\/xn--huracnpolmicocancnquintanaroo-knc6wmu.com\/index.php?rest_route=\/wp\/v2\/users\/1"}],"replies":[{"embeddable":true,"href":"https:\/\/xn--huracnpolmicocancnquintanaroo-knc6wmu.com\/index.php?rest_route=%2Fwp%2Fv2%2Fcomments&post=27511"}],"version-history":[{"count":1,"href":"https:\/\/xn--huracnpolmicocancnquintanaroo-knc6wmu.com\/index.php?rest_route=\/wp\/v2\/posts\/27511\/revisions"}],"predecessor-version":[{"id":27512,"href":"https:\/\/xn--huracnpolmicocancnquintanaroo-knc6wmu.com\/index.php?rest_route=\/wp\/v2\/posts\/27511\/revisions\/27512"}],"wp:featuredmedia":[{"embeddable":true,"href":"https:\/\/xn--huracnpolmicocancnquintanaroo-knc6wmu.com\/index.php?rest_route=\/wp\/v2\/media\/27513"}],"wp:attachment":[{"href":"https:\/\/xn--huracnpolmicocancnquintanaroo-knc6wmu.com\/index.php?rest_route=%2Fwp%2Fv2%2Fmedia&parent=27511"}],"wp:term":[{"taxonomy":"category","embeddable":true,"href":"https:\/\/xn--huracnpolmicocancnquintanaroo-knc6wmu.com\/index.php?rest_route=%2Fwp%2Fv2%2Fcategories&post=27511"},{"taxonomy":"post_tag","embeddable":true,"href":"https:\/\/xn--huracnpolmicocancnquintanaroo-knc6wmu.com\/index.php?rest_route=%2Fwp%2Fv2%2Ftags&post=27511"}],"curies":[{"name":"wp","href":"https:\/\/api.w.org\/{rel}","templated":true}]}}