{"id":27610,"date":"2025-02-01T16:08:35","date_gmt":"2025-02-01T21:08:35","guid":{"rendered":"https:\/\/xn--huracnpolmicocancnquintanaroo-knc6wmu.com\/?p=27610"},"modified":"2025-02-01T21:08:37","modified_gmt":"2025-02-01T21:08:37","slug":"me-dio-tranquilidad-que-hay-planes-a-b-y-c-monreal-avila-sobre-aranceles","status":"publish","type":"post","link":"https:\/\/xn--huracnpolmicocancnquintanaroo-knc6wmu.com\/?p=27610","title":{"rendered":"\u201cMe dio tranquilidad que hay planes A, B, y C\u201d; Monreal \u00c1vila sobre aranceles"},"content":{"rendered":"<p>\ud83d\udd38 El presidente de la Junta de Coordinaci\u00f3n Pol\u00edtica de la C\u00e1mara de Diputados, asegur\u00f3 que el gobierno est\u00e1 preparado contra los aranceles anunciados por Donald Trump.<\/p>\n<p>#NACIONAL | El presidente de la Junta de Coordinaci\u00f3n Pol\u00edtica de la C\u00e1mara de Diputados, Ricardo Monreal \u00c1vila, dijo sentirse tranquilo ante cualquier medida econ\u00f3mica que se aplique unilateralmente contra el pa\u00eds, referente al 25% de aranceles que anunci\u00f3 el presidente Donald Trump, ya que asegur\u00f3, el gobierno est\u00e1 preparado para reaccionar.<\/p>\n<p>\u201cSe est\u00e1 preparando el plan A, el plan B, el plan C, para que en el caso de llevar a cabo cualquier medida econ\u00f3mica que se aplique unilateralmente contra el pa\u00eds, como los aranceles, el gobierno est\u00e1 preparado y esperamos que la diplomacia, la cautela, la prudencia, la inteligencia de la jefa de Estado, Claudia Sheinbaum, evite esa aplicaci\u00f3n que nos perjudicar\u00eda sin duda\u2026. Me dio tranquilidad porque hay planes que dependen de las circunstancias y de lo que ocurra para aplicarlos, pero no est\u00e1 improvisando nada el gobierno\u201d, subray\u00f3.<\/p>\n<p>En entrevista con medios de comunicaci\u00f3n, el tambi\u00e9n coordinador de Morena en San L\u00e1zaro, reiter\u00f3 el apoyo de la bancada guinda a la Presidenta de M\u00e9xico: \u201cLa mayor\u00eda del Poder Legislativo, estamos listos para acompa\u00f1arla en las decisiones que nos correspondan para defender al pa\u00eds, para defender la independencia de M\u00e9xico, para defender nuestra soberan\u00eda y para defender a los mexicanos que est\u00e1n siendo repatriados en el exterior\u201d.<\/p>\n<p>Monreal \u00c1vila agreg\u00f3 que est\u00e1 preparado y va a haber resultados y respuestas concretas a cualquiera de las pol\u00edticas que se apliquen intentando el deterioro de la econom\u00eda o en la soberan\u00eda o en la independencia de M\u00e9xico.<\/p>\n<p>Al ser cuestionado sobre si habr\u00e1 reacciones legislativas para contrarrestar, el legislador dijo que las que sean necesarias y que la mayor\u00eda legislativa se mantiene en alerta.<\/p>\n<p>\u201cA partir de ahora estamos en sesi\u00f3n permanente, la mayor\u00eda legislativa, para estar respondiendo y respaldando las acciones que tenga el gobierno mexicano que encabeza la presidenta Claudia Sheinbaum para los embates o medidas unilaterales que nos afecten\u201d, afirm\u00f3.<\/p>\n","protected":false},"excerpt":{"rendered":"<p>\ud83d\udd38 El presidente de la Junta de Coordinaci\u00f3n Pol\u00edtica de la C\u00e1mara de Diputados, asegur\u00f3&#8230;<\/p>\n","protected":false},"author":1,"featured_media":27612,"comment_status":"open","ping_status":"closed","sticky":false,"template":"","format":"standard","meta":{"footnotes":""},"categories":[12],"tags":[],"class_list":["post-27610","post","type-post","status-publish","format-standard","has-post-thumbnail","hentry","category-nacional"],"_links":{"self":[{"href":"https:\/\/xn--huracnpolmicocancnquintanaroo-knc6wmu.com\/index.php?rest_route=\/wp\/v2\/posts\/27610","targetHints":{"allow":["GET"]}}],"collection":[{"href":"https:\/\/xn--huracnpolmicocancnquintanaroo-knc6wmu.com\/index.php?rest_route=\/wp\/v2\/posts"}],"about":[{"href":"https:\/\/xn--huracnpolmicocancnquintanaroo-knc6wmu.com\/index.php?rest_route=\/wp\/v2\/types\/post"}],"author":[{"embeddable":true,"href":"https:\/\/xn--huracnpolmicocancnquintanaroo-knc6wmu.com\/index.php?rest_route=\/wp\/v2\/users\/1"}],"replies":[{"embeddable":true,"href":"https:\/\/xn--huracnpolmicocancnquintanaroo-knc6wmu.com\/index.php?rest_route=%2Fwp%2Fv2%2Fcomments&post=27610"}],"version-history":[{"count":1,"href":"https:\/\/xn--huracnpolmicocancnquintanaroo-knc6wmu.com\/index.php?rest_route=\/wp\/v2\/posts\/27610\/revisions"}],"predecessor-version":[{"id":27611,"href":"https:\/\/xn--huracnpolmicocancnquintanaroo-knc6wmu.com\/index.php?rest_route=\/wp\/v2\/posts\/27610\/revisions\/27611"}],"wp:featuredmedia":[{"embeddable":true,"href":"https:\/\/xn--huracnpolmicocancnquintanaroo-knc6wmu.com\/index.php?rest_route=\/wp\/v2\/media\/27612"}],"wp:attachment":[{"href":"https:\/\/xn--huracnpolmicocancnquintanaroo-knc6wmu.com\/index.php?rest_route=%2Fwp%2Fv2%2Fmedia&parent=27610"}],"wp:term":[{"taxonomy":"category","embeddable":true,"href":"https:\/\/xn--huracnpolmicocancnquintanaroo-knc6wmu.com\/index.php?rest_route=%2Fwp%2Fv2%2Fcategories&post=27610"},{"taxonomy":"post_tag","embeddable":true,"href":"https:\/\/xn--huracnpolmicocancnquintanaroo-knc6wmu.com\/index.php?rest_route=%2Fwp%2Fv2%2Ftags&post=27610"}],"curies":[{"name":"wp","href":"https:\/\/api.w.org\/{rel}","templated":true}]}}