{"id":27784,"date":"2025-02-13T10:35:16","date_gmt":"2025-02-13T15:35:16","guid":{"rendered":"https:\/\/xn--huracnpolmicocancnquintanaroo-knc6wmu.com\/?p=27784"},"modified":"2025-02-13T15:35:17","modified_gmt":"2025-02-13T15:35:17","slug":"google-calendar-ha-eliminado-el-dia-internacional-del-recuerdo-del-holocausto-y-el-mes-de-la-herencia-judia-estadounidense","status":"publish","type":"post","link":"https:\/\/xn--huracnpolmicocancnquintanaroo-knc6wmu.com\/?p=27784","title":{"rendered":"Google Calendar ha eliminado el D\u00eda Internacional del Recuerdo del Holocausto y el Mes de la Herencia Jud\u00eda Estadounidense"},"content":{"rendered":"<p>\ud83d\udd38 La eliminaci\u00f3n se est\u00e1 notando ahora que las empresas de todo Estados Unidos est\u00e1n eliminando una serie de medidas de diversidad, equidad e inclusi\u00f3n tras las directivas de la administraci\u00f3n Trump contra la DEI.<\/p>\n<p>#INTERNACIONAL | Google Calendar ha eliminado el D\u00eda Internacional del Recuerdo del Holocausto y el Mes de la Herencia Jud\u00eda Estadounidense de su visualizaci\u00f3n predeterminada en los Estados Unidos, como parte de una eliminaci\u00f3n m\u00e1s amplia de las celebraciones culturales y \u00e9tnicas de la aplicaci\u00f3n.<\/p>\n<p>La eliminaci\u00f3n se est\u00e1 notando ahora que las empresas de todo Estados Unidos est\u00e1n eliminando una serie de medidas de diversidad, equidad e inclusi\u00f3n tras las directivas de la administraci\u00f3n Trump contra la DEI. Pero Google dijo a los medios de comunicaci\u00f3n tecnol\u00f3gicos en los \u00faltimos d\u00edas que los cambios en el calendario se remontan a mediados de 2024 y tienen que ver con la carga de trabajo en lugar de la pol\u00edtica gubernamental.<\/p>\n<p>\u201cHace algunos a\u00f1os, el equipo de Calendario comenz\u00f3 a agregar manualmente un conjunto m\u00e1s amplio de momentos culturales en una gran cantidad de pa\u00edses de todo el mundo. Recibimos comentarios de que faltaban otros eventos y pa\u00edses, y mantener cientos de momentos de forma manual y constante a nivel mundial no era escalable ni sostenible\u201d, dijo el gigante tecnol\u00f3gico, que est\u00e1 valorado en 2,3 billones de d\u00f3lares.<\/p>\n<p>Adem\u00e1s del D\u00eda Internacional de Conmemoraci\u00f3n del Holocausto, el 27 de enero, y el Mes de la Herencia Jud\u00eda Estadounidense en mayo, las celebraciones que ya no aparecen autom\u00e1ticamente incluyen el Mes del Orgullo y el Mes de la Historia Negra. Desde que Donald Trump asumi\u00f3 la presidencia, algunas conmemoraciones oficiales del D\u00eda Internacional de Conmemoraci\u00f3n del Holocausto se han cancelado en medio de la represi\u00f3n de la DEI [Movimiento en Estados Unidos que promueve la diversidad, equidad e inclusi\u00f3n].<\/p>\n<p>Los cambios en Google Calendar salieron a la luz p\u00fablica la misma semana en que Google Maps cambi\u00f3 el nombre del Golfo de M\u00e9xico a Golfo de Am\u00e9rica, el nuevo nombre que proclam\u00f3 Trump. El martes, la Casa Blanca prohibi\u00f3 a un reportero de Associated Press asistir a una reuni\u00f3n informativa despu\u00e9s de exigir que la organizaci\u00f3n de noticias modificara su gu\u00eda de estilo para reflejar el nuevo nombre.<\/p>\n","protected":false},"excerpt":{"rendered":"<p>\ud83d\udd38 La eliminaci\u00f3n se est\u00e1 notando ahora que las empresas de todo Estados Unidos est\u00e1n&#8230;<\/p>\n","protected":false},"author":1,"featured_media":0,"comment_status":"open","ping_status":"closed","sticky":false,"template":"","format":"standard","meta":{"footnotes":""},"categories":[11],"tags":[],"class_list":["post-27784","post","type-post","status-publish","format-standard","hentry","category-internacional"],"_links":{"self":[{"href":"https:\/\/xn--huracnpolmicocancnquintanaroo-knc6wmu.com\/index.php?rest_route=\/wp\/v2\/posts\/27784","targetHints":{"allow":["GET"]}}],"collection":[{"href":"https:\/\/xn--huracnpolmicocancnquintanaroo-knc6wmu.com\/index.php?rest_route=\/wp\/v2\/posts"}],"about":[{"href":"https:\/\/xn--huracnpolmicocancnquintanaroo-knc6wmu.com\/index.php?rest_route=\/wp\/v2\/types\/post"}],"author":[{"embeddable":true,"href":"https:\/\/xn--huracnpolmicocancnquintanaroo-knc6wmu.com\/index.php?rest_route=\/wp\/v2\/users\/1"}],"replies":[{"embeddable":true,"href":"https:\/\/xn--huracnpolmicocancnquintanaroo-knc6wmu.com\/index.php?rest_route=%2Fwp%2Fv2%2Fcomments&post=27784"}],"version-history":[{"count":1,"href":"https:\/\/xn--huracnpolmicocancnquintanaroo-knc6wmu.com\/index.php?rest_route=\/wp\/v2\/posts\/27784\/revisions"}],"predecessor-version":[{"id":27785,"href":"https:\/\/xn--huracnpolmicocancnquintanaroo-knc6wmu.com\/index.php?rest_route=\/wp\/v2\/posts\/27784\/revisions\/27785"}],"wp:attachment":[{"href":"https:\/\/xn--huracnpolmicocancnquintanaroo-knc6wmu.com\/index.php?rest_route=%2Fwp%2Fv2%2Fmedia&parent=27784"}],"wp:term":[{"taxonomy":"category","embeddable":true,"href":"https:\/\/xn--huracnpolmicocancnquintanaroo-knc6wmu.com\/index.php?rest_route=%2Fwp%2Fv2%2Fcategories&post=27784"},{"taxonomy":"post_tag","embeddable":true,"href":"https:\/\/xn--huracnpolmicocancnquintanaroo-knc6wmu.com\/index.php?rest_route=%2Fwp%2Fv2%2Ftags&post=27784"}],"curies":[{"name":"wp","href":"https:\/\/api.w.org\/{rel}","templated":true}]}}