{"id":27792,"date":"2025-02-13T10:41:23","date_gmt":"2025-02-13T15:41:23","guid":{"rendered":"https:\/\/xn--huracnpolmicocancnquintanaroo-knc6wmu.com\/?p=27792"},"modified":"2025-02-13T15:41:24","modified_gmt":"2025-02-13T15:41:24","slug":"monreal-destaca-la-labor-y-sacrificio-de-las-fuerzas-armadas-en-el-aniversario-de-su-creacion","status":"publish","type":"post","link":"https:\/\/xn--huracnpolmicocancnquintanaroo-knc6wmu.com\/?p=27792","title":{"rendered":"Monreal destaca la labor y sacrificio de las Fuerzas Armadas en el aniversario de su creaci\u00f3n"},"content":{"rendered":"<p>\ud83d\udd38 El presidente de la Junta de Coordinaci\u00f3n Pol\u00edtica particip\u00f3 en la inauguraci\u00f3n una exposici\u00f3n escult\u00f3rica que simboliza la transformaci\u00f3n de la violencia en arte.<\/p>\n<p>#CDMX | En un emotivo acto de conmemoraci\u00f3n del aniversario de las Fuerzas Armadas, el presidente de la Junta de Coordinaci\u00f3n Pol\u00edtica y coordinador del grupo parlamentario de Morena, Ricardo Monreal \u00c1vila, rindi\u00f3 homenaje al patriotismo, sacrificio y lealtad de los integrantes de la Fuerza A\u00e9rea Mexicana y las Fuerzas Armadas de M\u00e9xico.<\/p>\n<p>\u201cUstedes son un s\u00edmbolo de nuestra patria y quienes estamos legislando sabemos del sacrificio diario que realizan para defender la soberan\u00eda y la independencia de M\u00e9xico\u201d, expres\u00f3 Monreal en su intervenci\u00f3n, destacando la importancia de las Fuerzas Armadas para la construcci\u00f3n de un pa\u00eds de paz, unidad y bienestar social.<\/p>\n<p>En el marco de esta conmemoraci\u00f3n, el legislador enfatiz\u00f3 que las reformas aprobadas por el Poder Legislativo refuerzan la capacidad operativa de las Fuerzas Armadas y promueven el di\u00e1logo con la ciudadan\u00eda, as\u00ed como el fortalecimiento de los valores c\u00edvicos de la naci\u00f3n. Asimismo, mencion\u00f3 que la Comisi\u00f3n de la Defensa Nacional analiza una iniciativa presidencial que reforma la Ley de Ascensos y Recompensas del Ej\u00e9rcito y Fuerza A\u00e9rea Mexicana, con el fin de reconocer el m\u00e9rito de los miembros de estas instituciones.<\/p>\n<p>Uno de los momentos m\u00e1s significativos de la jornada fue la inauguraci\u00f3n de la Exposici\u00f3n Escult\u00f3rica &#8220;Transformaci\u00f3n: Esculturas por la Paz y la Esperanza&#8221;, del artista \u00c1lvaro Cuevas. Las piezas, creadas a partir de armas recolectadas en el Programa de Desarme Voluntario, simbolizan el proceso de transformaci\u00f3n de la violencia en arte, como un acto de esperanza y pacificaci\u00f3n.<\/p>\n<p>La diputada Nadia Sep\u00falveda Garc\u00eda destac\u00f3 que esta exhibici\u00f3n no solo honra los valores de unidad y reconciliaci\u00f3n, sino que representa la posibilidad de transformar la cultura de la violencia en una de armon\u00eda. Las esculturas, hechas de material ferroso, son un testimonio del poder de la transformaci\u00f3n a trav\u00e9s del arte, y nos invitan a reflexionar sobre c\u00f3mo el di\u00e1logo y el respeto pueden generar un futuro de paz.<\/p>\n<p>El subsecretario de Marina, Jos\u00e9 Barradas Cobos, resalt\u00f3 que el arte es una herramienta para cambiar paradigmas y movilizar conciencias, mientras que el comandante de la Guardia Nacional, Rus Pe\u00f1aloza Meneses, subray\u00f3 el simbolismo profundo de las esculturas como representaci\u00f3n de la creatividad que convierte las armas de la violencia en obras de arte.<\/p>\n","protected":false},"excerpt":{"rendered":"<p>\ud83d\udd38 El presidente de la Junta de Coordinaci\u00f3n Pol\u00edtica particip\u00f3 en la inauguraci\u00f3n una exposici\u00f3n&#8230;<\/p>\n","protected":false},"author":1,"featured_media":27794,"comment_status":"open","ping_status":"closed","sticky":false,"template":"","format":"standard","meta":{"footnotes":""},"categories":[49],"tags":[],"class_list":["post-27792","post","type-post","status-publish","format-standard","has-post-thumbnail","hentry","category-cdmx"],"_links":{"self":[{"href":"https:\/\/xn--huracnpolmicocancnquintanaroo-knc6wmu.com\/index.php?rest_route=\/wp\/v2\/posts\/27792","targetHints":{"allow":["GET"]}}],"collection":[{"href":"https:\/\/xn--huracnpolmicocancnquintanaroo-knc6wmu.com\/index.php?rest_route=\/wp\/v2\/posts"}],"about":[{"href":"https:\/\/xn--huracnpolmicocancnquintanaroo-knc6wmu.com\/index.php?rest_route=\/wp\/v2\/types\/post"}],"author":[{"embeddable":true,"href":"https:\/\/xn--huracnpolmicocancnquintanaroo-knc6wmu.com\/index.php?rest_route=\/wp\/v2\/users\/1"}],"replies":[{"embeddable":true,"href":"https:\/\/xn--huracnpolmicocancnquintanaroo-knc6wmu.com\/index.php?rest_route=%2Fwp%2Fv2%2Fcomments&post=27792"}],"version-history":[{"count":1,"href":"https:\/\/xn--huracnpolmicocancnquintanaroo-knc6wmu.com\/index.php?rest_route=\/wp\/v2\/posts\/27792\/revisions"}],"predecessor-version":[{"id":27793,"href":"https:\/\/xn--huracnpolmicocancnquintanaroo-knc6wmu.com\/index.php?rest_route=\/wp\/v2\/posts\/27792\/revisions\/27793"}],"wp:featuredmedia":[{"embeddable":true,"href":"https:\/\/xn--huracnpolmicocancnquintanaroo-knc6wmu.com\/index.php?rest_route=\/wp\/v2\/media\/27794"}],"wp:attachment":[{"href":"https:\/\/xn--huracnpolmicocancnquintanaroo-knc6wmu.com\/index.php?rest_route=%2Fwp%2Fv2%2Fmedia&parent=27792"}],"wp:term":[{"taxonomy":"category","embeddable":true,"href":"https:\/\/xn--huracnpolmicocancnquintanaroo-knc6wmu.com\/index.php?rest_route=%2Fwp%2Fv2%2Fcategories&post=27792"},{"taxonomy":"post_tag","embeddable":true,"href":"https:\/\/xn--huracnpolmicocancnquintanaroo-knc6wmu.com\/index.php?rest_route=%2Fwp%2Fv2%2Ftags&post=27792"}],"curies":[{"name":"wp","href":"https:\/\/api.w.org\/{rel}","templated":true}]}}