{"id":27871,"date":"2025-02-18T10:52:55","date_gmt":"2025-02-18T15:52:55","guid":{"rendered":"https:\/\/xn--huracnpolmicocancnquintanaroo-knc6wmu.com\/?p=27871"},"modified":"2025-02-18T15:52:57","modified_gmt":"2025-02-18T15:52:57","slug":"juan-soler-genera-polemica-por-su-apoyo-a-trump-y-comentarios-sobre-inmigracion-y-la-comunidad-trans","status":"publish","type":"post","link":"https:\/\/xn--huracnpolmicocancnquintanaroo-knc6wmu.com\/?p=27871","title":{"rendered":"Juan Soler genera pol\u00e9mica por su apoyo a Trump y comentarios sobre inmigraci\u00f3n y la comunidad trans"},"content":{"rendered":"<p>\ud83d\udd38 Las declaraciones del actor argentino en el programa La Saga de Adela Micha han encendido las redes sociales<\/p>\n<p>#ESPECT\u00c1CULOS | El actor argentino Juan Soler ha causado revuelo en redes sociales luego de sus recientes declaraciones en el programa La Saga de Adela Micha. Durante la entrevista, Soler se mostr\u00f3 abiertamente a favor de Donald Trump, el expresidente de Estados Unidos, y expres\u00f3 su apoyo a l\u00edderes como Nayib Bukele y Javier Milei.<\/p>\n<p>Sin embargo, lo que m\u00e1s caus\u00f3 controversia fueron sus comentarios sobre la inmigraci\u00f3n ilegal y la comunidad trans, generando cr\u00edticas y apoyo por igual. A continuaci\u00f3n, te contamos los detalles de sus declaraciones y las reacciones que ha provocado en el p\u00fablico.<\/p>\n<p>El actor de telenovelas, conocido por su trabajo en Televisa, no dud\u00f3 en manifestar su apoyo a figuras pol\u00edticas conservadoras. Al ser cuestionado por Adela Micha sobre su ideolog\u00eda, Soler afirm\u00f3 sin reservas: \u201c100 por ciento Trumpista.\u201d No solo expres\u00f3 su admiraci\u00f3n por el expresidente de Estados Unidos, sino que tambi\u00e9n respald\u00f3 a l\u00edderes como el presidente de El Salvador, Nayib Bukele, y el pol\u00edtico argentino Javier Milei, destacando lo que considera una mayor libertad en los pa\u00edses republicanos.<\/p>\n<p>A lo largo de la entrevista, Soler enfatiz\u00f3 que la libertad es la base de su apoyo a estos l\u00edderes, agregando que los pa\u00edses gobernados por figuras como Trump son los m\u00e1s libres. Esta postura ha generado reacciones encontradas, especialmente cuando mencion\u00f3 temas delicados como la inmigraci\u00f3n y la comunidad trans.<\/p>\n<p>Uno de los momentos m\u00e1s controversiales de la entrevista fue cuando Soler expres\u00f3 su opini\u00f3n sobre la inmigraci\u00f3n ilegal. Seg\u00fan el actor, \u201ctodo el mundo est\u00e1 romantizando la delincuencia, la inmigraci\u00f3n ilegal, la cultura woke, todo romantizan.\u201d Este comentario fue fuertemente cuestionado por la cantante Mariana Ochoa, quien le record\u00f3 que las pol\u00edticas de Trump, en particular, han sido fuertemente cr\u00edticas hacia los inmigrantes ilegales y la comunidad trans.<\/p>\n<p>En cuanto a la comunidad trans, Soler opin\u00f3 que esta es utilizada con fines pol\u00edticos, lo que tambi\u00e9n levant\u00f3 el rechazo de muchos en redes sociales, quienes consideraron sus declaraciones insensibles e incluso peligrosas en un contexto tan delicado.<\/p>\n<p>Las redes sociales se han llenado de comentarios divididos sobre las declaraciones de Juan Soler. Muchos usuarios lo criticaron por su postura en temas de inmigraci\u00f3n y derechos de la comunidad trans, recordando que \u00e9l mismo es inmigrante en M\u00e9xico, pa\u00eds en el que reside actualmente. \u00abLo raro es que vive en M\u00e9xico\u00ab, \u00abA este ya se le olvid\u00f3 que \u00e9l migr\u00f3 de su pa\u00eds y lleg\u00f3 a trabajar aqu\u00ed casi que ilegal\u00bb, son solo algunas de las cr\u00edticas que se han viralizado.<\/p>\n<p>Sin embargo, tambi\u00e9n ha recibido apoyo de quienes coinciden con sus opiniones pol\u00edticas. En medio de la controversia, las palabras de Soler contin\u00faan siendo debatidas, y su postura ha hecho que muchos cuestionen su visi\u00f3n sobre temas sociales y pol\u00edticos.<\/p>\n<p>Juan Soler ha sido residente de M\u00e9xico durante muchos a\u00f1os, donde ha trabajado en la televisi\u00f3n y ha forjado una carrera exitosa. Su decisi\u00f3n de apoyar p\u00fablicamente a Donald Trump, un presidente que mantuvo pol\u00edticas migratorias estrictas, ha llamado la atenci\u00f3n de quienes consideran ir\u00f3nico que alguien que se benefici\u00f3 del proceso migratorio en M\u00e9xico emita opiniones tan duras sobre inmigrantes ilegales.<\/p>\n<p>Sin embargo, Soler ha defendido sus ideales como parte de su derecho a expresar libremente sus opiniones, y aunque sus declaraciones contin\u00faan siendo un tema de debate, se mantiene firme en su postura pol\u00edtica.<\/p>\n<p>Las declaraciones de Juan Soler sobre Donald Trump y su postura en contra de la inmigraci\u00f3n ilegal han generado un torrente de reacciones en las redes sociales. Mientras que algunos lo apoyan por su valent\u00eda al expresar sus opiniones, otros lo critican por las contradicciones que surgen al recordar su estatus como inmigrante en M\u00e9xico. Lo cierto es que sus comentarios contin\u00faan dando de qu\u00e9 hablar, reflejando la polarizaci\u00f3n pol\u00edtica que atraviesa no solo M\u00e9xico, sino tambi\u00e9n otros pa\u00edses del continente.<\/p>\n","protected":false},"excerpt":{"rendered":"<p>\ud83d\udd38 Las declaraciones del actor argentino en el programa La Saga de Adela Micha han&#8230;<\/p>\n","protected":false},"author":1,"featured_media":27873,"comment_status":"open","ping_status":"closed","sticky":false,"template":"","format":"standard","meta":{"footnotes":""},"categories":[9],"tags":[],"class_list":["post-27871","post","type-post","status-publish","format-standard","has-post-thumbnail","hentry","category-espectaculos"],"_links":{"self":[{"href":"https:\/\/xn--huracnpolmicocancnquintanaroo-knc6wmu.com\/index.php?rest_route=\/wp\/v2\/posts\/27871","targetHints":{"allow":["GET"]}}],"collection":[{"href":"https:\/\/xn--huracnpolmicocancnquintanaroo-knc6wmu.com\/index.php?rest_route=\/wp\/v2\/posts"}],"about":[{"href":"https:\/\/xn--huracnpolmicocancnquintanaroo-knc6wmu.com\/index.php?rest_route=\/wp\/v2\/types\/post"}],"author":[{"embeddable":true,"href":"https:\/\/xn--huracnpolmicocancnquintanaroo-knc6wmu.com\/index.php?rest_route=\/wp\/v2\/users\/1"}],"replies":[{"embeddable":true,"href":"https:\/\/xn--huracnpolmicocancnquintanaroo-knc6wmu.com\/index.php?rest_route=%2Fwp%2Fv2%2Fcomments&post=27871"}],"version-history":[{"count":1,"href":"https:\/\/xn--huracnpolmicocancnquintanaroo-knc6wmu.com\/index.php?rest_route=\/wp\/v2\/posts\/27871\/revisions"}],"predecessor-version":[{"id":27872,"href":"https:\/\/xn--huracnpolmicocancnquintanaroo-knc6wmu.com\/index.php?rest_route=\/wp\/v2\/posts\/27871\/revisions\/27872"}],"wp:featuredmedia":[{"embeddable":true,"href":"https:\/\/xn--huracnpolmicocancnquintanaroo-knc6wmu.com\/index.php?rest_route=\/wp\/v2\/media\/27873"}],"wp:attachment":[{"href":"https:\/\/xn--huracnpolmicocancnquintanaroo-knc6wmu.com\/index.php?rest_route=%2Fwp%2Fv2%2Fmedia&parent=27871"}],"wp:term":[{"taxonomy":"category","embeddable":true,"href":"https:\/\/xn--huracnpolmicocancnquintanaroo-knc6wmu.com\/index.php?rest_route=%2Fwp%2Fv2%2Fcategories&post=27871"},{"taxonomy":"post_tag","embeddable":true,"href":"https:\/\/xn--huracnpolmicocancnquintanaroo-knc6wmu.com\/index.php?rest_route=%2Fwp%2Fv2%2Ftags&post=27871"}],"curies":[{"name":"wp","href":"https:\/\/api.w.org\/{rel}","templated":true}]}}