{"id":28095,"date":"2025-02-26T09:43:04","date_gmt":"2025-02-26T14:43:04","guid":{"rendered":"https:\/\/xn--huracnpolmicocancnquintanaroo-knc6wmu.com\/?p=28095"},"modified":"2025-02-26T14:43:07","modified_gmt":"2025-02-26T14:43:07","slug":"papa-francisco-pasa-una-noche-tranquila-en-el-gemelli-se-esperan-resultados-de-tomografia-computarizada","status":"publish","type":"post","link":"https:\/\/xn--huracnpolmicocancnquintanaroo-knc6wmu.com\/?p=28095","title":{"rendered":"Papa Francisco pasa una noche tranquila en el Gemelli; se esperan resultados de tomograf\u00eda computarizada"},"content":{"rendered":"<p>\ud83d\udd38 Fuentes del Vaticano detallaron que el papa Francisco se encuentra a la espera de los resultados de una tomograf\u00eda computarizada<\/p>\n<p>#VATICANO | El papa Francisco pas\u00f3 una noche tranquila y desayun\u00f3 normalmente, mientras continua el tratamiento para la neumon\u00eda bilateral y se esperan \u201cprobablemente\u201d para hoy los resultados de la tomograf\u00eda computarizada (TAC) realizada la v\u00edspera, informaron fuentes del Vaticano.<\/p>\n<p>Francisco est\u00e1 a la espera los resultados de la nueva TAC, tras la \u00faltima realizada el 18 de febrero que hab\u00eda mostrado la neumon\u00eda bilateral, y el pron\u00f3stico de los m\u00e9dicos sigue siendo reservado, es decir, no se concreta su evoluci\u00f3n.<\/p>\n<p>En el \u00faltimo parte m\u00e9dico del martes se inform\u00f3 de que el papa Francisco, de 88 a\u00f1os de edad, sigue en estado \u201ccr\u00edtico\u201d pero \u201cestable\u201d en el hospital Gemelli de Roma, donde lleva ingresado 13 d\u00edas.<\/p>\n<p>Y se explic\u00f3 que la \u201cestabilidad\u201d de sus condiciones tambi\u00e9n se refiere a la insuficiencia renal que le hab\u00eda sido diagnosticada en los \u00faltimos d\u00edas, \u201cleve\u201d, \u201cbajo control\u201d y que no suscita preocupaci\u00f3n entre sus m\u00e9dicos.<\/p>\n<p>El pont\u00edfice sigue trabajando desde la habitaci\u00f3n del hospital y continua con la terapia de oxi\u0301geno, pero con flujos en un porcentaje \u201clevemente reducidos\u201d con respecto a d\u00edas anteriores.<\/p>\n<p>En estos d\u00edas, ha firmado algunos nombramientos y el lunes decretos de canonizacio\u0301n, como el de Jos\u00e9 Gregorio Hern\u00e1ndez Cisneros, el primer santo de Venezuela, adem\u00e1s de modificar algunas leyes para dar m\u00e1s poderes a la primera mujer \u2018gobernadora\u2019 del Estado de la Ciudad del Vaticano, sor Raffaella Petrini.<\/p>\n<p>Tambi\u00e9n anunci\u00f3 la organizaci\u00f3n de un consistorio para poner fecha a las canonizaciones, aunque no se ha concretado la fecha.<\/p>\n<p>Este anuncio hizo recordar el consistorio, o reuni\u00f3n de cardenales, en el que Benedicto XVI anunci\u00f3 su renuncia al pontificado.<\/p>\n<p>En la tarde del lunes, el papa francisco recibi\u00f3 en el hospital Gemelli al secretario de Estado vaticano, el cardenal italiano Pietro Parolin, y el sustituto de la Secretaria de Estado, el venezolano Edgar Pen\u0303a Parra.<\/p>\n<p>Mientras, los cardenales, miembros de la Curia y los fieles que lo deseen continuara\u0301n rezando cada noche el rosario en la Plaza de San Pedro del Vaticano.<\/p>\n","protected":false},"excerpt":{"rendered":"<p>\ud83d\udd38 Fuentes del Vaticano detallaron que el papa Francisco se encuentra a la espera de&#8230;<\/p>\n","protected":false},"author":1,"featured_media":28097,"comment_status":"open","ping_status":"closed","sticky":false,"template":"","format":"standard","meta":{"footnotes":""},"categories":[11],"tags":[],"class_list":["post-28095","post","type-post","status-publish","format-standard","has-post-thumbnail","hentry","category-internacional"],"_links":{"self":[{"href":"https:\/\/xn--huracnpolmicocancnquintanaroo-knc6wmu.com\/index.php?rest_route=\/wp\/v2\/posts\/28095","targetHints":{"allow":["GET"]}}],"collection":[{"href":"https:\/\/xn--huracnpolmicocancnquintanaroo-knc6wmu.com\/index.php?rest_route=\/wp\/v2\/posts"}],"about":[{"href":"https:\/\/xn--huracnpolmicocancnquintanaroo-knc6wmu.com\/index.php?rest_route=\/wp\/v2\/types\/post"}],"author":[{"embeddable":true,"href":"https:\/\/xn--huracnpolmicocancnquintanaroo-knc6wmu.com\/index.php?rest_route=\/wp\/v2\/users\/1"}],"replies":[{"embeddable":true,"href":"https:\/\/xn--huracnpolmicocancnquintanaroo-knc6wmu.com\/index.php?rest_route=%2Fwp%2Fv2%2Fcomments&post=28095"}],"version-history":[{"count":1,"href":"https:\/\/xn--huracnpolmicocancnquintanaroo-knc6wmu.com\/index.php?rest_route=\/wp\/v2\/posts\/28095\/revisions"}],"predecessor-version":[{"id":28096,"href":"https:\/\/xn--huracnpolmicocancnquintanaroo-knc6wmu.com\/index.php?rest_route=\/wp\/v2\/posts\/28095\/revisions\/28096"}],"wp:featuredmedia":[{"embeddable":true,"href":"https:\/\/xn--huracnpolmicocancnquintanaroo-knc6wmu.com\/index.php?rest_route=\/wp\/v2\/media\/28097"}],"wp:attachment":[{"href":"https:\/\/xn--huracnpolmicocancnquintanaroo-knc6wmu.com\/index.php?rest_route=%2Fwp%2Fv2%2Fmedia&parent=28095"}],"wp:term":[{"taxonomy":"category","embeddable":true,"href":"https:\/\/xn--huracnpolmicocancnquintanaroo-knc6wmu.com\/index.php?rest_route=%2Fwp%2Fv2%2Fcategories&post=28095"},{"taxonomy":"post_tag","embeddable":true,"href":"https:\/\/xn--huracnpolmicocancnquintanaroo-knc6wmu.com\/index.php?rest_route=%2Fwp%2Fv2%2Ftags&post=28095"}],"curies":[{"name":"wp","href":"https:\/\/api.w.org\/{rel}","templated":true}]}}