{"id":28348,"date":"2025-03-01T08:20:05","date_gmt":"2025-03-01T13:20:05","guid":{"rendered":"https:\/\/xn--huracnpolmicocancnquintanaroo-knc6wmu.com\/?p=28348"},"modified":"2025-03-10T13:21:22","modified_gmt":"2025-03-10T13:21:22","slug":"tunden-a-shakira-por-agresivo-gesto-hacia-bailarina-en-su-show-de-colombia","status":"publish","type":"post","link":"https:\/\/xn--huracnpolmicocancnquintanaroo-knc6wmu.com\/?p=28348","title":{"rendered":"Tunden a Shakira por agresivo gesto hacia bailarina en su show de Colombia"},"content":{"rendered":"<p>\ud83d\udd38 La reacci\u00f3n de la artista despert\u00f3 un acalorado debate en redes.<\/p>\n<p>#ESPECT\u00c1CULOS | Est\u00e1 no ser\u00eda la primera vez que Shakira se encuentra en el ojo del hurac\u00e1n desde que inici\u00f3 su gira Las Mujeres Ya No Lloran el 11 de febrero en R\u00edo de Janeiro.<\/p>\n<p>La cantante colombiana decepcion\u00f3 a sus fans en dos ocasiones luego de que tuvo que cancelar su presentaci\u00f3n en Lima, Per\u00fa debido a una enfermedad y en Medell\u00edn, Colombia, por da\u00f1os en el escenario.<\/p>\n<p>En respuesta, miles de fans reaccionaron furiosos y decepcionados y no dudaron en expresarlo. Comentarios como: &#8220;Eres una mediocre&#8221; y &#8220;Te odiamos en toda Colombia&#8221; inundaron las redes.<\/p>\n<p>En redes sociales circula un video de Shakira que ya se volvi\u00f3 sumamente controversial debido a las cuestionables acciones de la artista, pues a muchos no les pareci\u00f3 correcta la manera en la que reaccion\u00f3 con sus compa\u00f1eros de trabajo.<\/p>\n<p>En los momentos previos a su show, la cantante se encontraba rodeada de su equipo de bailarines, y todos, incluida ella, llevaban lentes de sol. Fue entonces que &#8216;La Loba&#8217; se inclin\u00f3 hacia una de sus bailarinas para preguntarle algo, pero al parecer, la respuesta no fue de su agrado.<\/p>\n<p>Cuando la bailarina a su lado comenz\u00f3 a responder lo que fuera que la cantante le hubiera dicho, levant\u00f3 el brazo, coloc\u00e1ndolo justo frente al rostro de la int\u00e9rprete de Antolog\u00eda. Pareci\u00f3 que a la artista no le gust\u00f3 ser opacada, pues r\u00e1pidamente baj\u00f3 el brazo de su compa\u00f1era, un gesto que muchos interpretaron como un manotazo.<\/p>\n<p>Esto ha generado opiniones encontradas, por una parte, muchos comentaron que no fue una acci\u00f3n agresiva, sino que ella es la estrella y no era correcto que cubrieran su rostro.<\/p>\n<p>&#8220;No fue manotazo mas bien la otra no tiene respeto en como puso su brazo y mano en su cara&#8221;, &#8220;Ella puso su mano en la cara cuando ten\u00eda todas las c\u00e1maras encima e iba a iniciar su show&#8221; y &#8220;No exageren las cosas&#8221;.<\/p>\n<p>Por otra parte, muchos otros usuarios aseguran que este no es un caso aislado, pues supuestamente se sabe que Shakira es &#8220;mala&#8221; con su equipo de bailarines.<\/p>\n<p>&#8220;Siempre han dicho que Shakira es grosera&#8221;, &#8220;Ella es d\u00e9spota eso muchos lo han dicho. Nadie la soporta&#8221;, &#8220;Eso estuvo muy mal&#8221;, &#8220;Si es bien grosera&#8221; y &#8220;Que payasa se vio&#8221;<\/p>\n","protected":false},"excerpt":{"rendered":"<p>\ud83d\udd38 La reacci\u00f3n de la artista despert\u00f3 un acalorado debate en redes. #ESPECT\u00c1CULOS | Est\u00e1&#8230;<\/p>\n","protected":false},"author":1,"featured_media":28350,"comment_status":"open","ping_status":"closed","sticky":false,"template":"","format":"standard","meta":{"footnotes":""},"categories":[9],"tags":[],"class_list":["post-28348","post","type-post","status-publish","format-standard","has-post-thumbnail","hentry","category-espectaculos"],"_links":{"self":[{"href":"https:\/\/xn--huracnpolmicocancnquintanaroo-knc6wmu.com\/index.php?rest_route=\/wp\/v2\/posts\/28348","targetHints":{"allow":["GET"]}}],"collection":[{"href":"https:\/\/xn--huracnpolmicocancnquintanaroo-knc6wmu.com\/index.php?rest_route=\/wp\/v2\/posts"}],"about":[{"href":"https:\/\/xn--huracnpolmicocancnquintanaroo-knc6wmu.com\/index.php?rest_route=\/wp\/v2\/types\/post"}],"author":[{"embeddable":true,"href":"https:\/\/xn--huracnpolmicocancnquintanaroo-knc6wmu.com\/index.php?rest_route=\/wp\/v2\/users\/1"}],"replies":[{"embeddable":true,"href":"https:\/\/xn--huracnpolmicocancnquintanaroo-knc6wmu.com\/index.php?rest_route=%2Fwp%2Fv2%2Fcomments&post=28348"}],"version-history":[{"count":1,"href":"https:\/\/xn--huracnpolmicocancnquintanaroo-knc6wmu.com\/index.php?rest_route=\/wp\/v2\/posts\/28348\/revisions"}],"predecessor-version":[{"id":28349,"href":"https:\/\/xn--huracnpolmicocancnquintanaroo-knc6wmu.com\/index.php?rest_route=\/wp\/v2\/posts\/28348\/revisions\/28349"}],"wp:featuredmedia":[{"embeddable":true,"href":"https:\/\/xn--huracnpolmicocancnquintanaroo-knc6wmu.com\/index.php?rest_route=\/wp\/v2\/media\/28350"}],"wp:attachment":[{"href":"https:\/\/xn--huracnpolmicocancnquintanaroo-knc6wmu.com\/index.php?rest_route=%2Fwp%2Fv2%2Fmedia&parent=28348"}],"wp:term":[{"taxonomy":"category","embeddable":true,"href":"https:\/\/xn--huracnpolmicocancnquintanaroo-knc6wmu.com\/index.php?rest_route=%2Fwp%2Fv2%2Fcategories&post=28348"},{"taxonomy":"post_tag","embeddable":true,"href":"https:\/\/xn--huracnpolmicocancnquintanaroo-knc6wmu.com\/index.php?rest_route=%2Fwp%2Fv2%2Ftags&post=28348"}],"curies":[{"name":"wp","href":"https:\/\/api.w.org\/{rel}","templated":true}]}}