{"id":28604,"date":"2025-03-16T12:00:46","date_gmt":"2025-03-16T17:00:46","guid":{"rendered":"https:\/\/xn--huracnpolmicocancnquintanaroo-knc6wmu.com\/?p=28604"},"modified":"2025-03-18T13:21:02","modified_gmt":"2025-03-18T13:21:02","slug":"papa-francisco-reconoce-enfrentar-un-momento-de-prueba-desde-el-hospital","status":"publish","type":"post","link":"https:\/\/xn--huracnpolmicocancnquintanaroo-knc6wmu.com\/?p=28604","title":{"rendered":"Papa Francisco reconoce enfrentar &#8220;un momento de prueba&#8221; desde el hospital"},"content":{"rendered":"<p>\ud83d\udd38 En el \u00faltimo reporte m\u00e9dico, la Santa Sede indic\u00f3 que el estado de salud del pont\u00edfice se manten\u00eda estable, pero que necesitaba continuar con su terapia en el hospital<\/p>\n<p>#ROMA | El Papa Francisco, hospitalizado desde hace 31 d\u00edas por problemas respiratorios, asegur\u00f3 este domingo estar &#8220;atravesando un momento de prueba&#8221; con un f\u00edsico &#8220;d\u00e9bil&#8221;, en su mensaje con motivo del \u00c1ngelus que envi\u00f3 por escrito por quinta semana consecutiva.<\/p>\n<p>&#8220;Nuestro f\u00edsico est\u00e1 d\u00e9bil, pero, incluso as\u00ed, nada puede impedirnos amar, rezar, entregarnos, estar los unos para los otros&#8221;, agrega el pont\u00edfice, que, desde su hospitalizaci\u00f3n el 14 de febrero, no apareci\u00f3 en p\u00fablico ni difundi\u00f3 im\u00e1genes suyas.<\/p>\n<p>El \u00faltimo parte m\u00e9dico, difundido el s\u00e1bado por la noche por la Santa Sede, indic\u00f3 que su estado de salud se manten\u00eda &#8220;estable&#8221;, pero que necesitaba a\u00fan continuar con su terapia en el hospital pese a su &#8220;mejora gradual&#8221;.<\/p>\n<p>Como muestra de esta mejor\u00eda, Jorge Bergoglio reduce &#8220;progresivamente&#8221; el uso de una mascarilla de ox\u00edgeno por la noche, en beneficio de una c\u00e1nula nasal de alto flujo, que ya usa de d\u00eda y que obliga a los pulmones a estar m\u00e1s activos.<\/p>\n<p>Desde su \u00faltima fuerte reca\u00edda, registrada el 3 de marzo, su estado mejor\u00f3 gradualmente y el lunes su pron\u00f3stico dej\u00f3 de ser reservado, pero los m\u00e9dicos todav\u00eda no se pronunciaron sobre una fecha de alta. El Vaticano apunta a una recuperaci\u00f3n lenta.<\/p>\n<p>Esto no le impidi\u00f3 relanzar el martes su gran proyecto de reformas sobre el futuro de la Iglesia, que busca una mayor descentralizaci\u00f3n y participaci\u00f3n de laicos, y se proyecta incluso en octubre de 2028, cuando prev\u00e9 la asamblea final.<\/p>\n<p>La hospitalizaci\u00f3n m{as larga en sus 12 a\u00f1os de pontificado<br \/>\nSu hospitalizaci\u00f3n es la cuarta y m\u00e1s larga en sus 12 a\u00f1os de pontificado y genera preocupaci\u00f3n sobre la continuidad del &#8220;Santo Padre&#8221; de los cat\u00f3licos, que en los \u00faltimos tiempos rechaz\u00f3 renunciar como su predecesor Benedicto XVI en 2013.<\/p>\n<p>Las muestras de apoyo se suceden con oraciones en todo el mundo. El primer papa latinoamericano reiter\u00f3 este domingo su agradecimiento a las personas que oran por su salud y al personal m\u00e9dico que lo atiende.<\/p>\n<p>A los pies de la estatua de Juan Pablo II que preside la entrada del hospital, decenas de ni\u00f1os esperaron el momento del \u00c1ngelus con globos amarillos y blancos en la mano, gritando &#8220;\u00a1Papa Francisco, papa Francisco!&#8221;.<\/p>\n<p>&#8220;\u00a1Se ve al papa all\u00ed!&#8221;, grita un ni\u00f1o de un grupo &#8220;scout&#8221; cat\u00f3lico, con sombrero azul y amarillo, se\u00f1alando hacia una de las ventanas del hospital. &#8220;No creo que sea \u00e9l&#8221;, le responde el jefe de su grupo.<\/p>\n<p>&#8220;Traer a los ni\u00f1os aqu\u00ed es un poco como darles una ventana a una etapa m\u00e1s amplia de la vida cristiana&#8221;, explic\u00f3 a la AFP Valerio Santoboni de 23 a\u00f1os, cuyo grupo &#8220;scout&#8221; de Roma vino con los dibujos que los ni\u00f1os de entre 5 y 7 a\u00f1os hicieron la v\u00edspera para el pont\u00edfice.<\/p>\n<p>&#8220;\u00a1Gracias, queridos ni\u00f1os! El papa os quiere y espera siempre encontraros&#8221;, agreg\u00f3 en su mensaje Francisco, quien pidi\u00f3 seguir rezando por la paz &#8220;en la martirizada Ucrania, en Palestina, Israel, L\u00edbano, Myanmar, Sud\u00e1n [y] Rep\u00fablica Democr\u00e1tica del Congo&#8221;.<\/p>\n","protected":false},"excerpt":{"rendered":"<p>\ud83d\udd38 En el \u00faltimo reporte m\u00e9dico, la Santa Sede indic\u00f3 que el estado de salud&#8230;<\/p>\n","protected":false},"author":1,"featured_media":28606,"comment_status":"open","ping_status":"closed","sticky":false,"template":"","format":"standard","meta":{"footnotes":""},"categories":[11],"tags":[],"class_list":["post-28604","post","type-post","status-publish","format-standard","has-post-thumbnail","hentry","category-internacional"],"_links":{"self":[{"href":"https:\/\/xn--huracnpolmicocancnquintanaroo-knc6wmu.com\/index.php?rest_route=\/wp\/v2\/posts\/28604","targetHints":{"allow":["GET"]}}],"collection":[{"href":"https:\/\/xn--huracnpolmicocancnquintanaroo-knc6wmu.com\/index.php?rest_route=\/wp\/v2\/posts"}],"about":[{"href":"https:\/\/xn--huracnpolmicocancnquintanaroo-knc6wmu.com\/index.php?rest_route=\/wp\/v2\/types\/post"}],"author":[{"embeddable":true,"href":"https:\/\/xn--huracnpolmicocancnquintanaroo-knc6wmu.com\/index.php?rest_route=\/wp\/v2\/users\/1"}],"replies":[{"embeddable":true,"href":"https:\/\/xn--huracnpolmicocancnquintanaroo-knc6wmu.com\/index.php?rest_route=%2Fwp%2Fv2%2Fcomments&post=28604"}],"version-history":[{"count":1,"href":"https:\/\/xn--huracnpolmicocancnquintanaroo-knc6wmu.com\/index.php?rest_route=\/wp\/v2\/posts\/28604\/revisions"}],"predecessor-version":[{"id":28605,"href":"https:\/\/xn--huracnpolmicocancnquintanaroo-knc6wmu.com\/index.php?rest_route=\/wp\/v2\/posts\/28604\/revisions\/28605"}],"wp:featuredmedia":[{"embeddable":true,"href":"https:\/\/xn--huracnpolmicocancnquintanaroo-knc6wmu.com\/index.php?rest_route=\/wp\/v2\/media\/28606"}],"wp:attachment":[{"href":"https:\/\/xn--huracnpolmicocancnquintanaroo-knc6wmu.com\/index.php?rest_route=%2Fwp%2Fv2%2Fmedia&parent=28604"}],"wp:term":[{"taxonomy":"category","embeddable":true,"href":"https:\/\/xn--huracnpolmicocancnquintanaroo-knc6wmu.com\/index.php?rest_route=%2Fwp%2Fv2%2Fcategories&post=28604"},{"taxonomy":"post_tag","embeddable":true,"href":"https:\/\/xn--huracnpolmicocancnquintanaroo-knc6wmu.com\/index.php?rest_route=%2Fwp%2Fv2%2Ftags&post=28604"}],"curies":[{"name":"wp","href":"https:\/\/api.w.org\/{rel}","templated":true}]}}